{"id":3275,"date":"2020-11-07T07:17:10","date_gmt":"2020-11-07T10:17:10","guid":{"rendered":"http:\/\/ebp.org.br\/mg\/?p=3275"},"modified":"2020-11-07T07:17:10","modified_gmt":"2020-11-07T10:17:10","slug":"curinga-036","status":"publish","type":"post","link":"https:\/\/ebp.org.br\/mg\/curinga-036\/","title":{"rendered":"Curinga 036"},"content":{"rendered":"<h3><strong><img loading=\"lazy\" decoding=\"async\" class=\"size-medium wp-image-3103 alignright\" src=\"http:\/\/ebp.org.br\/mg\/wp-content\/uploads\/2020\/10\/curinga036-222x300.jpg\" alt=\"\" width=\"222\" height=\"300\" \/>AUTOR<\/strong><\/h3>\n<h3>V\u00e1rios autores<\/h3>\n<h3><strong>N\u00daMERO \/ EDI\u00c7\u00c3O<\/strong><\/h3>\n<h3>36<\/h3>\n<h3><strong>ANO<\/strong><\/h3>\n<h3>2013<\/h3>\n<p><strong>\u00a0<\/strong><\/p>\n<p><strong>\u00a0<\/strong><\/p>\n<h3><strong>SOBRE O LIVRO<\/strong><\/h3>\n<h3><strong>\u00cdNDICE<\/strong><\/h3>\n<p>CURINGA 36<\/p>\n<p>&nbsp;<\/p>\n<p>CARTAS NA MESA<\/p>\n<p>13 Science Freaktion<\/p>\n<p>Henri Kaufmanner<\/p>\n<p>&nbsp;<\/p>\n<p>PSICAN\u00c1LISE, CI\u00caNCIA E REAL<\/p>\n<p>23 Psican\u00e1lise e ci\u00eancia: o real em jogo<\/p>\n<p>Frederico Feu de Carvalho<\/p>\n<p>37 Elogio do incomensur\u00e1vel<\/p>\n<p>Fran\u00e7ois Ansermet<\/p>\n<p>&nbsp;<\/p>\n<p>PSICAN\u00c1LISE E DISCURSOS DA CI\u00caNCIA<\/p>\n<p>53 Discurso cient\u00edfico e discurso da ci\u00eancia<\/p>\n<p>Bernard Baas<\/p>\n<p>67 Conversando com Marie-H\u00e9l\u00e8ne Brousse &#8211; Resson\u00e2ncias do VII Congresso da AMP<\/p>\n<p>Marie-H\u00e9l\u00e8ne Brousse<\/p>\n<p>75 Usos das neuroci\u00eancias pela psican\u00e1lise<\/p>\n<p>\u00c9ric Laurent<\/p>\n<p>&nbsp;<\/p>\n<p>CORPO E CL\u00cdNICA<\/p>\n<p>95 Corpo reminisc\u00eancia<\/p>\n<p>Elisa Alvarenga<\/p>\n<p>107 O autismo exp\u00f5e o que h\u00e1 de real no corpo<\/p>\n<p>Paula Pimenta<\/p>\n<p>121 A insensatez do sintoma e os embara\u00e7os do corpo na psicose<\/p>\n<p>Laura Rubi\u00e3o<\/p>\n<p>&nbsp;<\/p>\n<p>RESSON\u00c2NCIAS DO PASSE<\/p>\n<p>131 Um AE \u00e0 altura da escola<\/p>\n<p>Fran\u00e7ois Leguil<\/p>\n<p><em>\u00a0<\/em><\/p>\n<p>RADAR<\/p>\n<p>145 O analista e as desordens no real do sexo no s\u00e9culo XXI<\/p>\n<p>J\u00e9sus Santiago<\/p>\n<p>153 O real como pedra angular no ensino de Lacan: Programa de trabalho rumo ao VI Encontro Americano de Psican\u00e1lise de Orienta\u00e7\u00e3o Lacaniana (ENAPOL) e ao IX Congresso da Associa\u00e7\u00e3o Mundial de Psican\u00e1lise (AMP)<\/p>\n<p>S\u00e9rgio Laia<\/p>\n<p>&nbsp;<\/p>\n<p>CART\u00c9IS<\/p>\n<p>165 Autoerotismo e psicose ordin\u00e1ria<\/p>\n<p>Marcelo Bizzotto Pinto<\/p>\n<p>169 O nada da anorexia e o da puls\u00e3o<\/p>\n<p>Denise da Silva Barbosa<\/p>\n<p>&nbsp;<\/p>\n<p>&nbsp;<\/p>\n<p>Capa: Paulo Marques de Oliveira. <em>Mapa da \u00f4ca universal: fim do cem fim<\/em>, caneta esferogr\u00e1fica sobre caderno.<\/p>\n<p>&nbsp;<\/p>\n","protected":false},"excerpt":{"rendered":"<p>AUTOR V\u00e1rios autores N\u00daMERO \/ EDI\u00c7\u00c3O 36 ANO 2013 \u00a0 \u00a0 SOBRE O LIVRO \u00cdNDICE CURINGA 36 &nbsp; CARTAS NA MESA 13 Science Freaktion Henri Kaufmanner &nbsp; PSICAN\u00c1LISE, CI\u00caNCIA E REAL 23 Psican\u00e1lise e ci\u00eancia: o real em jogo Frederico Feu de Carvalho 37 Elogio do incomensur\u00e1vel Fran\u00e7ois Ansermet &nbsp; PSICAN\u00c1LISE E DISCURSOS DA CI\u00caNCIA&hellip;<\/p>\n","protected":false},"author":1,"featured_media":0,"comment_status":"closed","ping_status":"closed","sticky":false,"template":"","format":"standard","meta":{"footnotes":""},"categories":[6],"tags":[],"post_series":[],"class_list":["post-3275","post","type-post","status-publish","format-standard","hentry","category-revista-curinga","entry","no-media"],"aioseo_notices":[],"_links":{"self":[{"href":"https:\/\/ebp.org.br\/mg\/wp-json\/wp\/v2\/posts\/3275","targetHints":{"allow":["GET"]}}],"collection":[{"href":"https:\/\/ebp.org.br\/mg\/wp-json\/wp\/v2\/posts"}],"about":[{"href":"https:\/\/ebp.org.br\/mg\/wp-json\/wp\/v2\/types\/post"}],"author":[{"embeddable":true,"href":"https:\/\/ebp.org.br\/mg\/wp-json\/wp\/v2\/users\/1"}],"replies":[{"embeddable":true,"href":"https:\/\/ebp.org.br\/mg\/wp-json\/wp\/v2\/comments?post=3275"}],"version-history":[{"count":0,"href":"https:\/\/ebp.org.br\/mg\/wp-json\/wp\/v2\/posts\/3275\/revisions"}],"wp:attachment":[{"href":"https:\/\/ebp.org.br\/mg\/wp-json\/wp\/v2\/media?parent=3275"}],"wp:term":[{"taxonomy":"category","embeddable":true,"href":"https:\/\/ebp.org.br\/mg\/wp-json\/wp\/v2\/categories?post=3275"},{"taxonomy":"post_tag","embeddable":true,"href":"https:\/\/ebp.org.br\/mg\/wp-json\/wp\/v2\/tags?post=3275"},{"taxonomy":"post_series","embeddable":true,"href":"https:\/\/ebp.org.br\/mg\/wp-json\/wp\/v2\/post_series?post=3275"}],"curies":[{"name":"wp","href":"https:\/\/api.w.org\/{rel}","templated":true}]}}