{"id":3272,"date":"2020-11-07T07:16:21","date_gmt":"2020-11-07T10:16:21","guid":{"rendered":"http:\/\/ebp.org.br\/mg\/?p=3272"},"modified":"2020-11-07T07:16:21","modified_gmt":"2020-11-07T10:16:21","slug":"curinga-035","status":"publish","type":"post","link":"https:\/\/ebp.org.br\/mg\/curinga-035\/","title":{"rendered":"Curinga 035"},"content":{"rendered":"<h3><strong><img loading=\"lazy\" decoding=\"async\" class=\"size-medium wp-image-3102 alignright\" src=\"http:\/\/ebp.org.br\/mg\/wp-content\/uploads\/2020\/10\/curinga035-220x300.jpg\" alt=\"\" width=\"220\" height=\"300\" \/>AUTOR<\/strong><\/h3>\n<h3>V\u00e1rios autores<\/h3>\n<h3><strong>N\u00daMERO \/ EDI\u00c7\u00c3O<\/strong><\/h3>\n<h3>35<\/h3>\n<h3><strong>ANO<\/strong><\/h3>\n<h3>2013<\/h3>\n<p>&nbsp;<\/p>\n<p>&nbsp;<\/p>\n<h3><strong>SOBRE O LIVRO<\/strong><\/h3>\n<h3><strong>\u00cdNDICE<\/strong><\/h3>\n<p>CURINGA 35<\/p>\n<p>&nbsp;<\/p>\n<p>CARTAS NA MESA<\/p>\n<p>13 Direitos e deveres<\/p>\n<p>S\u00e9rgio de Castro<\/p>\n<p>&nbsp;<\/p>\n<p>INTERNACIONAL<\/p>\n<p>19 Todos um pouco <em>rat\u00e9s<\/em>?<\/p>\n<p>Fran\u00e7ois Ansermet<\/p>\n<p>25 Do inimigo e sua nomea\u00e7\u00e3o<\/p>\n<p>Mario Elkin Ram\u00edrez<\/p>\n<p>&nbsp;<\/p>\n<p>PSICAN\u00c1LISE E POL\u00cdTICA<\/p>\n<p>35 Quando toca na divis\u00e3o, a psican\u00e1lise faz pol\u00edtica<\/p>\n<p>Fernanda Otoni de Barros-Brisset<\/p>\n<p>47 Contra a drogafobia e o proibicionismo: dissipa\u00e7\u00e3o, diferen\u00e7a e o curto-circuito da experi\u00eancia<\/p>\n<p>Luiz Eduardo Soares<\/p>\n<p>63 Homogeneidade e exce\u00e7\u00e3o<\/p>\n<p>Newton Bignotto<\/p>\n<p>&nbsp;<\/p>\n<p>A POL\u00cdTICA DA PSICAN\u00c1LISE E O TESTEMUNHO DE CADA UM<\/p>\n<p>77 A l\u00edngua singular<\/p>\n<p>Angelina Harari<\/p>\n<p>81 O \u00e1tomo de Dem\u00f3crito<\/p>\n<p>S\u00e9rgio Passos Ribeiro de Campos<\/p>\n<p>87 Uma pol\u00edtica do amor na experi\u00eancia de an\u00e1lise<\/p>\n<p>Ana Lydia Santiago<\/p>\n<p>93 Coment\u00e1rio de Agn\u00e9s Aflalo sobre os testemunhos de passe XVII Jornada da EBP-MG<\/p>\n<p>Agn\u00e9s Aflalo<\/p>\n<p>&nbsp;<\/p>\n<p>HOMENAGEM A C\u00c9LIO GARCIA<\/p>\n<p>103 Homenagem a C\u00e9lio Garcia<\/p>\n<p>Ram Mandil<\/p>\n<p>107 Os termos que dividem<\/p>\n<p>C\u00e9lio Garcia<\/p>\n<p>&nbsp;<\/p>\n<p>RADAR<\/p>\n<p>113 \u201cO sujeito com o qual operamos em psican\u00e1lise n\u00e3o \u00e9 outro sen\u00e3o o sujeito da ci\u00eancia\u201d<\/p>\n<p>Lilany Vieira Pacheco<\/p>\n<p><em>\u00a0<\/em><\/p>\n<p>LI\u00c7\u00d5ES DE PSICAN\u00c1LISE<\/p>\n<p>113 Erotomania e sexualidade feminina<\/p>\n<p>\u00c2ngela Bernardes<\/p>\n<p>&nbsp;<\/p>\n<p>BIBLIOTECA<\/p>\n<p>129 O real nos tempos, ou o preto no branco<\/p>\n<p>Samyra Assad<\/p>\n<p>&nbsp;<\/p>\n<p>Capa: Farley Francy. <em>Cortes<\/em>, 2012, t\u00e9cnica mista, 30x30cm.<\/p>\n","protected":false},"excerpt":{"rendered":"<p>AUTOR V\u00e1rios autores N\u00daMERO \/ EDI\u00c7\u00c3O 35 ANO 2013 &nbsp; &nbsp; SOBRE O LIVRO \u00cdNDICE CURINGA 35 &nbsp; CARTAS NA MESA 13 Direitos e deveres S\u00e9rgio de Castro &nbsp; INTERNACIONAL 19 Todos um pouco rat\u00e9s? Fran\u00e7ois Ansermet 25 Do inimigo e sua nomea\u00e7\u00e3o Mario Elkin Ram\u00edrez &nbsp; PSICAN\u00c1LISE E POL\u00cdTICA 35 Quando toca na divis\u00e3o,&hellip;<\/p>\n","protected":false},"author":1,"featured_media":0,"comment_status":"closed","ping_status":"closed","sticky":false,"template":"","format":"standard","meta":{"footnotes":""},"categories":[6],"tags":[],"post_series":[],"class_list":["post-3272","post","type-post","status-publish","format-standard","hentry","category-revista-curinga","entry","no-media"],"aioseo_notices":[],"_links":{"self":[{"href":"https:\/\/ebp.org.br\/mg\/wp-json\/wp\/v2\/posts\/3272","targetHints":{"allow":["GET"]}}],"collection":[{"href":"https:\/\/ebp.org.br\/mg\/wp-json\/wp\/v2\/posts"}],"about":[{"href":"https:\/\/ebp.org.br\/mg\/wp-json\/wp\/v2\/types\/post"}],"author":[{"embeddable":true,"href":"https:\/\/ebp.org.br\/mg\/wp-json\/wp\/v2\/users\/1"}],"replies":[{"embeddable":true,"href":"https:\/\/ebp.org.br\/mg\/wp-json\/wp\/v2\/comments?post=3272"}],"version-history":[{"count":0,"href":"https:\/\/ebp.org.br\/mg\/wp-json\/wp\/v2\/posts\/3272\/revisions"}],"wp:attachment":[{"href":"https:\/\/ebp.org.br\/mg\/wp-json\/wp\/v2\/media?parent=3272"}],"wp:term":[{"taxonomy":"category","embeddable":true,"href":"https:\/\/ebp.org.br\/mg\/wp-json\/wp\/v2\/categories?post=3272"},{"taxonomy":"post_tag","embeddable":true,"href":"https:\/\/ebp.org.br\/mg\/wp-json\/wp\/v2\/tags?post=3272"},{"taxonomy":"post_series","embeddable":true,"href":"https:\/\/ebp.org.br\/mg\/wp-json\/wp\/v2\/post_series?post=3272"}],"curies":[{"name":"wp","href":"https:\/\/api.w.org\/{rel}","templated":true}]}}