{"id":3270,"date":"2020-11-07T07:15:48","date_gmt":"2020-11-07T10:15:48","guid":{"rendered":"http:\/\/ebp.org.br\/mg\/?p=3270"},"modified":"2020-11-07T07:15:48","modified_gmt":"2020-11-07T10:15:48","slug":"curinga-034","status":"publish","type":"post","link":"https:\/\/ebp.org.br\/mg\/curinga-034\/","title":{"rendered":"Curinga 034"},"content":{"rendered":"<h3><strong><img loading=\"lazy\" decoding=\"async\" class=\"size-medium wp-image-3101 alignright\" src=\"http:\/\/ebp.org.br\/mg\/wp-content\/uploads\/2020\/10\/curinga034-241x300.jpg\" alt=\"\" width=\"241\" height=\"300\" \/>AUTOR<\/strong><\/h3>\n<h3>V\u00e1rios autores<\/h3>\n<h3><strong>N\u00daMERO \/ EDI\u00c7\u00c3O<\/strong><\/h3>\n<h3>34<\/h3>\n<h3><strong>ANO<\/strong><\/h3>\n<h3>2012<\/h3>\n<p>&nbsp;<\/p>\n<p>&nbsp;<\/p>\n<h3><strong>SOBRE O LIVRO<\/strong><\/h3>\n<h3><strong>\u00cdNDICE<\/strong><\/h3>\n<p>CURINGA 34<\/p>\n<p>&nbsp;<\/p>\n<p>CARTAS NA MESA<\/p>\n<p>13 A insist\u00eancia da puls\u00e3o e a n\u00e3o solu\u00e7\u00e3o consentida<\/p>\n<p>Helenice Saldanha de Castro<\/p>\n<p>&nbsp;<\/p>\n<p>INTERNACIONAL<\/p>\n<p>21 Crian\u00e7as autistas<\/p>\n<p>Silvia Elena Tendlarz<\/p>\n<p>&nbsp;<\/p>\n<p>CL\u00cdNICA DO CONTEMPOR\u00c2NEO<\/p>\n<p>33 Da escrita \u00e0 fic\u00e7\u00e3o<\/p>\n<p>Cristina Drummond<\/p>\n<p>39 As inibi\u00e7\u00f5es e os limites da elabora\u00e7\u00e3o na cl\u00ednica de hoje<\/p>\n<p>Lilany Pacheco<\/p>\n<p>49 Transfer\u00eancia: amor, saber e algo mais&#8230;<\/p>\n<p>Fernanda Otoni de Barros-Brisset<\/p>\n<p>63 Avalia\u00e7\u00e3o e seus destinos<\/p>\n<p>Andr\u00e9a Eul\u00e1lio, Maria das Gra\u00e7as de Castro Senna, Margaret Pires do Couto, Patr\u00edcia Ribeiro e Tereza Facury<\/p>\n<p>&nbsp;<\/p>\n<p>O FRACASSO E AS INVEN\u00c7\u00d5ES<\/p>\n<p>75 O \u201cfracasso\u201d na medicina e na psican\u00e1lise<\/p>\n<p>Elisa Alvarenga<\/p>\n<p>83 Solu\u00e7\u00f5es artesanais mais al\u00e9m da transgress\u00e3o<\/p>\n<p>Laura Lustosa Rubi\u00e3o<\/p>\n<p>91 \u201cA sa\u00fade mental n\u00e3o existe\u201d ou \u201cA verdade do homem \u00e9 o sintoma\u201d<\/p>\n<p>Frederico Feu de Carvalho<\/p>\n<p>99 Uma for\u00e7a pol\u00edtica<\/p>\n<p>Cristiana Pittella de Mattos<\/p>\n<p>109 Palavra, novo modo de usar?<\/p>\n<p>Luc\u00edola Freitas de Mac\u00eado<\/p>\n<p>&nbsp;<\/p>\n<p>RESSON\u00c2NCIAS DO PASSE<\/p>\n<p>115 Mulher&#8230;es<\/p>\n<p>Lu\u00eds Tudanca<\/p>\n<p>&nbsp;<\/p>\n<p>CONVERSA\u00c7\u00c3O CL\u00cdNICA<\/p>\n<p>9\u02da Conversa\u00e7\u00e3o da Se\u00e7\u00e3o Cl\u00ednica &#8211; Caso a caso<\/p>\n<p>125 Adolesc\u00eancia e drogas: Um caso que atravessa toda cidade<\/p>\n<p>Simone Souto<\/p>\n<p>127 Adolesc\u00eancia e drogas: um caso que atravessa toda cidade<\/p>\n<p>Cristina Sandra Pinnelli Nogueira<\/p>\n<p>135 \u201cVida loka\u201d, um certo modo de gozo na periferia<\/p>\n<p>J\u00e9sus Santiago<\/p>\n<p>141 A responsabilidade pelos dejetos<\/p>\n<p>Maria Jos\u00e9 Gontijo Salum<\/p>\n<p>149 A conversa\u00e7\u00e3o<\/p>\n<p>&nbsp;<\/p>\n<p>RADAR<\/p>\n<p>165 I can\u2019t get no satisfaction: a insatisfa\u00e7\u00e3o das mulheres na nova ordem simb\u00f3lica<\/p>\n<p>T\u00e2nia Coelho dos Santos<\/p>\n<p>179 Figuras do feminino: de Minas, a poesia de Ad\u00e9lia Prado<\/p>\n<p>Cristiane Barreto Napoli<\/p>\n<p>&nbsp;<\/p>\n<p>&nbsp;<\/p>\n<p>Capa: Julia Panad\u00e9s. <em>(novos olhos para todas as coisas)<\/em>, 2006, colagem e bordados sobre tecido, 150x200cm.<\/p>\n","protected":false},"excerpt":{"rendered":"<p>AUTOR V\u00e1rios autores N\u00daMERO \/ EDI\u00c7\u00c3O 34 ANO 2012 &nbsp; &nbsp; SOBRE O LIVRO \u00cdNDICE CURINGA 34 &nbsp; CARTAS NA MESA 13 A insist\u00eancia da puls\u00e3o e a n\u00e3o solu\u00e7\u00e3o consentida Helenice Saldanha de Castro &nbsp; INTERNACIONAL 21 Crian\u00e7as autistas Silvia Elena Tendlarz &nbsp; CL\u00cdNICA DO CONTEMPOR\u00c2NEO 33 Da escrita \u00e0 fic\u00e7\u00e3o Cristina Drummond 39&hellip;<\/p>\n","protected":false},"author":1,"featured_media":0,"comment_status":"closed","ping_status":"closed","sticky":false,"template":"","format":"standard","meta":{"footnotes":""},"categories":[6],"tags":[],"post_series":[],"class_list":["post-3270","post","type-post","status-publish","format-standard","hentry","category-revista-curinga","entry","no-media"],"aioseo_notices":[],"_links":{"self":[{"href":"https:\/\/ebp.org.br\/mg\/wp-json\/wp\/v2\/posts\/3270","targetHints":{"allow":["GET"]}}],"collection":[{"href":"https:\/\/ebp.org.br\/mg\/wp-json\/wp\/v2\/posts"}],"about":[{"href":"https:\/\/ebp.org.br\/mg\/wp-json\/wp\/v2\/types\/post"}],"author":[{"embeddable":true,"href":"https:\/\/ebp.org.br\/mg\/wp-json\/wp\/v2\/users\/1"}],"replies":[{"embeddable":true,"href":"https:\/\/ebp.org.br\/mg\/wp-json\/wp\/v2\/comments?post=3270"}],"version-history":[{"count":0,"href":"https:\/\/ebp.org.br\/mg\/wp-json\/wp\/v2\/posts\/3270\/revisions"}],"wp:attachment":[{"href":"https:\/\/ebp.org.br\/mg\/wp-json\/wp\/v2\/media?parent=3270"}],"wp:term":[{"taxonomy":"category","embeddable":true,"href":"https:\/\/ebp.org.br\/mg\/wp-json\/wp\/v2\/categories?post=3270"},{"taxonomy":"post_tag","embeddable":true,"href":"https:\/\/ebp.org.br\/mg\/wp-json\/wp\/v2\/tags?post=3270"},{"taxonomy":"post_series","embeddable":true,"href":"https:\/\/ebp.org.br\/mg\/wp-json\/wp\/v2\/post_series?post=3270"}],"curies":[{"name":"wp","href":"https:\/\/api.w.org\/{rel}","templated":true}]}}