{"id":3266,"date":"2020-11-07T07:14:28","date_gmt":"2020-11-07T10:14:28","guid":{"rendered":"http:\/\/ebp.org.br\/mg\/?p=3266"},"modified":"2020-11-07T07:14:28","modified_gmt":"2020-11-07T10:14:28","slug":"curinga-032","status":"publish","type":"post","link":"https:\/\/ebp.org.br\/mg\/curinga-032\/","title":{"rendered":"Curinga 032"},"content":{"rendered":"<h3><strong><img loading=\"lazy\" decoding=\"async\" class=\"size-medium wp-image-3099 alignright\" src=\"http:\/\/ebp.org.br\/mg\/wp-content\/uploads\/2020\/10\/curinga032-241x300.jpg\" alt=\"\" width=\"241\" height=\"300\" \/>AUTOR<\/strong><\/h3>\n<h3>V\u00e1rios autores<\/h3>\n<h3><strong>N\u00daMERO \/ EDI\u00c7\u00c3O<\/strong><\/h3>\n<h3>32<\/h3>\n<h3><strong>ANO<\/strong><\/h3>\n<h3>2011<\/h3>\n<p><strong>\u00a0<\/strong><\/p>\n<p><strong>\u00a0<\/strong><\/p>\n<h3><strong>SOBRE O LIVRO<\/strong><\/h3>\n<h3><strong>\u00cdNDICE<\/strong><\/h3>\n<p>CURINGA 32<\/p>\n<p>&nbsp;<\/p>\n<p>CARTAS NA MESA<\/p>\n<p>13 Apresenta\u00e7\u00e3o de uma nova ordem<\/p>\n<p>S\u00e9rgio Passos Ribeiro de Campos<\/p>\n<p>&nbsp;<\/p>\n<p>INTERNACIONAL<\/p>\n<p>21 Da natureza de um AE<\/p>\n<p>Fran\u00e7ois Leguil<\/p>\n<p>31 Do todos iguais ao um por um<\/p>\n<p>Oscar Zack<\/p>\n<p>&nbsp;<\/p>\n<p>ARTE E PSICAN\u00c1LISE NOS CONFINS DO SIMB\u00d3LICO<\/p>\n<p>43 Fiat Lux &#8211; Nota sobre o negro na pintura<\/p>\n<p>Yolanda Vilela<\/p>\n<p>53 A voz no limite do medo<\/p>\n<p>Marcela Antelo<\/p>\n<p>63 O paradigma paran\u00f3ico: surrealismo e psican\u00e1lise<\/p>\n<p>L\u00facia Grossi dos Santos<\/p>\n<p>73 A a\u00e7\u00e3o lacaniana no acolhimento das exce\u00e7\u00f5es: Estilo e sintoma?<\/p>\n<p>S\u00e9rgio de Castro<\/p>\n<p>&nbsp;<\/p>\n<p>OS CONFINS DA CL\u00cdNICA<\/p>\n<p>81 Notas sobre um caso de psicose ordin\u00e1ria na institui\u00e7\u00e3o de sa\u00fade mental<\/p>\n<p>Laura Lustosa Rubi\u00e3o<\/p>\n<p>89 Parada, na beira, fora<\/p>\n<p>Musso Garcia Greco, Cristiane de Freitas Cunha e Roberto Assis Ferreira<\/p>\n<p>99 A cl\u00ednica psicanal\u00edtica diante dos limites do simb\u00f3lico<\/p>\n<p>Cristina Drummond<\/p>\n<p>107 Debilidade, loucura e a escolha da Psican\u00e1lise<\/p>\n<p>Henri Kaufmanner<\/p>\n<p>&nbsp;<\/p>\n<p>BIBLIOTECA<\/p>\n<p>117 A estrutura e seus efeitos: o simb\u00f3lico de L\u00e9vi-Strauss e Lacan, via Koyr\u00e9<\/p>\n<p>Gilson Iannini<\/p>\n<p>&nbsp;<\/p>\n<p>LI\u00c7\u00d5ES DE PSICAN\u00c1LISE<\/p>\n<p>135 A psican\u00e1lise nos costumes<\/p>\n<p>Luc\u00edola Freitas de Mac\u00eado<\/p>\n<p>145 A interpreta\u00e7\u00e3o nos confins do simb\u00f3lico<\/p>\n<p>M\u00f4nica Assun\u00e7\u00e3o Costa Lima<\/p>\n<p>&nbsp;<\/p>\n<p>RESENHA<\/p>\n<p>155 Incid\u00eancias cl\u00ednicas do contempor\u00e2neo: anorexias e bulimias<\/p>\n<p>Maria Bernadete de Carvalho<\/p>\n<p>&nbsp;<\/p>\n<p>&nbsp;<\/p>\n<p>Capa: Patricia Leite. <em>Praia do Rosa, <\/em>2003, \u00f3leo sobre madeira, 160x190cm.<\/p>\n<p>&nbsp;<\/p>\n<p>&nbsp;<\/p>\n","protected":false},"excerpt":{"rendered":"<p>AUTOR V\u00e1rios autores N\u00daMERO \/ EDI\u00c7\u00c3O 32 ANO 2011 \u00a0 \u00a0 SOBRE O LIVRO \u00cdNDICE CURINGA 32 &nbsp; CARTAS NA MESA 13 Apresenta\u00e7\u00e3o de uma nova ordem S\u00e9rgio Passos Ribeiro de Campos &nbsp; INTERNACIONAL 21 Da natureza de um AE Fran\u00e7ois Leguil 31 Do todos iguais ao um por um Oscar Zack &nbsp; ARTE E&hellip;<\/p>\n","protected":false},"author":1,"featured_media":0,"comment_status":"closed","ping_status":"closed","sticky":false,"template":"","format":"standard","meta":{"footnotes":""},"categories":[6],"tags":[],"post_series":[],"class_list":["post-3266","post","type-post","status-publish","format-standard","hentry","category-revista-curinga","entry","no-media"],"aioseo_notices":[],"_links":{"self":[{"href":"https:\/\/ebp.org.br\/mg\/wp-json\/wp\/v2\/posts\/3266","targetHints":{"allow":["GET"]}}],"collection":[{"href":"https:\/\/ebp.org.br\/mg\/wp-json\/wp\/v2\/posts"}],"about":[{"href":"https:\/\/ebp.org.br\/mg\/wp-json\/wp\/v2\/types\/post"}],"author":[{"embeddable":true,"href":"https:\/\/ebp.org.br\/mg\/wp-json\/wp\/v2\/users\/1"}],"replies":[{"embeddable":true,"href":"https:\/\/ebp.org.br\/mg\/wp-json\/wp\/v2\/comments?post=3266"}],"version-history":[{"count":0,"href":"https:\/\/ebp.org.br\/mg\/wp-json\/wp\/v2\/posts\/3266\/revisions"}],"wp:attachment":[{"href":"https:\/\/ebp.org.br\/mg\/wp-json\/wp\/v2\/media?parent=3266"}],"wp:term":[{"taxonomy":"category","embeddable":true,"href":"https:\/\/ebp.org.br\/mg\/wp-json\/wp\/v2\/categories?post=3266"},{"taxonomy":"post_tag","embeddable":true,"href":"https:\/\/ebp.org.br\/mg\/wp-json\/wp\/v2\/tags?post=3266"},{"taxonomy":"post_series","embeddable":true,"href":"https:\/\/ebp.org.br\/mg\/wp-json\/wp\/v2\/post_series?post=3266"}],"curies":[{"name":"wp","href":"https:\/\/api.w.org\/{rel}","templated":true}]}}