{"id":3260,"date":"2020-11-07T07:12:32","date_gmt":"2020-11-07T10:12:32","guid":{"rendered":"http:\/\/ebp.org.br\/mg\/?p=3260"},"modified":"2020-11-07T07:12:32","modified_gmt":"2020-11-07T10:12:32","slug":"curinga-029","status":"publish","type":"post","link":"https:\/\/ebp.org.br\/mg\/curinga-029\/","title":{"rendered":"Curinga 029"},"content":{"rendered":"<h3><strong><img loading=\"lazy\" decoding=\"async\" class=\"size-medium wp-image-3096 alignright\" src=\"http:\/\/ebp.org.br\/mg\/wp-content\/uploads\/2020\/10\/curinga029-242x300.jpg\" alt=\"\" width=\"242\" height=\"300\" \/>AUTOR<\/strong><\/h3>\n<p>V\u00e1rios autores<\/p>\n<h3><strong>N\u00daMERO \/ EDI\u00c7\u00c3O<\/strong><\/h3>\n<p>29<\/p>\n<h3><strong>ANO<\/strong><\/h3>\n<p>2009<\/p>\n<p><strong>\u00a0<\/strong><\/p>\n<p><strong>\u00a0<\/strong><\/p>\n<h3><strong>SOBRE O LIVRO<\/strong><\/h3>\n<h3><strong>\u00cdNDICE<\/strong><\/h3>\n<p>CURINGA 29<\/p>\n<p>&nbsp;<\/p>\n<p>CARTAS NA MESA<\/p>\n<p>13 DSM IV: Um totemismo contempor\u00e2neo?<\/p>\n<p>Henri Kaudmanner<\/p>\n<p>&nbsp;<\/p>\n<p>INTERNACIONAL<\/p>\n<p>19 O homem e a mulher, e a psican\u00e1lise: lendo o Semin\u00e1rio XVIII de Lacan<\/p>\n<p>Philippe La Sagna<\/p>\n<p>29 Lacan e o crime<\/p>\n<p>Serge Cottet<\/p>\n<p>&nbsp;<\/p>\n<p>DEPRESS\u00c3O OU BIPOLARIDADE: TRANSTORNO OU DOR DE EXISTIR?<\/p>\n<p>45 A dor de existir melanc\u00f3lica<\/p>\n<p>J\u00e9sus Santiago<\/p>\n<p>53 Depress\u00e3o na pista<\/p>\n<p>Ant\u00f4nio Teixeira<\/p>\n<p>59 Um tempo para a perda: articula\u00e7\u00e3o da fun\u00e7\u00e3o do objeto <em>a<\/em><\/p>\n<p>Cristiana Pittella de Mattos<\/p>\n<p>63 A perspectiva do sinthoma e a orienta\u00e7\u00e3o para o singular<\/p>\n<p>Frederico Zeymer Feu de Carvalho<\/p>\n<p>69 O sintoma para al\u00e9m do cat\u00e1logo das doen\u00e7as: a \u00e9tica da psican\u00e1lise frente \u00e0s novas nomea\u00e7\u00f5es diagn\u00f3sticas<\/p>\n<p>Laura Lustosa Rubi\u00e3o<\/p>\n<p>75 As epidemias e a \u201cdemiurgia do social\u201d<\/p>\n<p>Ram Mandil<\/p>\n<p>83 Se ficar velho n\u00e3o presta, melhor morrer jovem? Psicose medicada e la\u00e7o social<\/p>\n<p>M\u00e1rcia Rosa<\/p>\n<p>87 Sobre as varia\u00e7\u00f5es do humor<\/p>\n<p>S\u00e9rgio Passos Ribeiro de Campos<\/p>\n<p>93 Categoria e dimens\u00e3o no DSM-V e na Psican\u00e1lise de Orienta\u00e7\u00e3o Lacaniana<\/p>\n<p>S\u00e9rgio Laia<\/p>\n<p>103 Uma dignidade para a \u201cdor de existir\u201d<\/p>\n<p>Simone Souto<\/p>\n<p>109 A devo\u00e7\u00e3o ao luto<br \/>\nSuzana Faleiro Barroso<\/p>\n<p>113 Depress\u00e3o e bipolaridade: antecedentes e perspectivas<\/p>\n<p>Francisco Paes Barreto<\/p>\n<p>&nbsp;<\/p>\n<p>RADAR<\/p>\n<p>121 A constru\u00e7\u00e3o de um caso<\/p>\n<p>Enric Berenguer<\/p>\n<p>&nbsp;<\/p>\n<p>LI\u00c7\u00d5ES DE PSICAN\u00c1LISE<\/p>\n<p>135 Efeitos da apresenta\u00e7\u00e3o de pacientes frente \u00e0s exig\u00eancias do Mestre Contempor\u00e2neo<\/p>\n<p>Ana Lydia Santiago<\/p>\n<p>&nbsp;<\/p>\n<p>&nbsp;<\/p>\n<p>Capa: M\u00e1rio N\u00edveo. <em>Duo<\/em>, 2000, 120x80cm.<\/p>\n","protected":false},"excerpt":{"rendered":"<p>AUTOR V\u00e1rios autores N\u00daMERO \/ EDI\u00c7\u00c3O 29 ANO 2009 \u00a0 \u00a0 SOBRE O LIVRO \u00cdNDICE CURINGA 29 &nbsp; CARTAS NA MESA 13 DSM IV: Um totemismo contempor\u00e2neo? Henri Kaudmanner &nbsp; INTERNACIONAL 19 O homem e a mulher, e a psican\u00e1lise: lendo o Semin\u00e1rio XVIII de Lacan Philippe La Sagna 29 Lacan e o crime Serge&hellip;<\/p>\n","protected":false},"author":1,"featured_media":0,"comment_status":"closed","ping_status":"closed","sticky":false,"template":"","format":"standard","meta":{"footnotes":""},"categories":[6],"tags":[],"post_series":[],"class_list":["post-3260","post","type-post","status-publish","format-standard","hentry","category-revista-curinga","entry","no-media"],"aioseo_notices":[],"_links":{"self":[{"href":"https:\/\/ebp.org.br\/mg\/wp-json\/wp\/v2\/posts\/3260","targetHints":{"allow":["GET"]}}],"collection":[{"href":"https:\/\/ebp.org.br\/mg\/wp-json\/wp\/v2\/posts"}],"about":[{"href":"https:\/\/ebp.org.br\/mg\/wp-json\/wp\/v2\/types\/post"}],"author":[{"embeddable":true,"href":"https:\/\/ebp.org.br\/mg\/wp-json\/wp\/v2\/users\/1"}],"replies":[{"embeddable":true,"href":"https:\/\/ebp.org.br\/mg\/wp-json\/wp\/v2\/comments?post=3260"}],"version-history":[{"count":0,"href":"https:\/\/ebp.org.br\/mg\/wp-json\/wp\/v2\/posts\/3260\/revisions"}],"wp:attachment":[{"href":"https:\/\/ebp.org.br\/mg\/wp-json\/wp\/v2\/media?parent=3260"}],"wp:term":[{"taxonomy":"category","embeddable":true,"href":"https:\/\/ebp.org.br\/mg\/wp-json\/wp\/v2\/categories?post=3260"},{"taxonomy":"post_tag","embeddable":true,"href":"https:\/\/ebp.org.br\/mg\/wp-json\/wp\/v2\/tags?post=3260"},{"taxonomy":"post_series","embeddable":true,"href":"https:\/\/ebp.org.br\/mg\/wp-json\/wp\/v2\/post_series?post=3260"}],"curies":[{"name":"wp","href":"https:\/\/api.w.org\/{rel}","templated":true}]}}