{"id":3255,"date":"2020-11-07T07:10:54","date_gmt":"2020-11-07T10:10:54","guid":{"rendered":"http:\/\/ebp.org.br\/mg\/?p=3255"},"modified":"2020-11-07T07:10:54","modified_gmt":"2020-11-07T10:10:54","slug":"curinga-027","status":"publish","type":"post","link":"https:\/\/ebp.org.br\/mg\/curinga-027\/","title":{"rendered":"Curinga 027"},"content":{"rendered":"<h3><strong><img loading=\"lazy\" decoding=\"async\" class=\"size-medium wp-image-3094 alignright\" src=\"http:\/\/ebp.org.br\/mg\/wp-content\/uploads\/2020\/10\/curinga027-221x300.jpg\" alt=\"\" width=\"221\" height=\"300\" \/>AUTOR<\/strong><\/h3>\n<h3>V\u00e1rios autores<\/h3>\n<h3><strong>N\u00daMERO \/ EDI\u00c7\u00c3O<\/strong><\/h3>\n<h3>27<\/h3>\n<h3><strong>ANO<\/strong><\/h3>\n<h3>2008<\/h3>\n<p><strong>\u00a0<\/strong><\/p>\n<h3><strong>SOBRE O LIVRO<\/strong><\/h3>\n<h3><strong>\u00cdNDICE<\/strong><\/h3>\n<p>CURINGA 27<\/p>\n<p>&nbsp;<\/p>\n<p>CARTAS NA MESA<\/p>\n<p>11 Psican\u00e1lise e neuroci\u00eancias<\/p>\n<p>Ana Lydia Santiago<\/p>\n<p>&nbsp;<\/p>\n<p>INTERNACIONAL<\/p>\n<p>17 Na cidade p\u00e2nico. Sintomas da urg\u00eancia subjetiva e respostas da psican\u00e1lise<\/p>\n<p>27 Sobre o sintoma e o la\u00e7o social<\/p>\n<p>Guillermo A. Belaga<\/p>\n<p>&nbsp;<\/p>\n<p>O TRATAMENTO DO SINTOMA E AS NOVAS FORMAS DO SUJEITO SUPOSTO SABER<\/p>\n<p>39 Cren\u00e7a e sintoma<\/p>\n<p>Antonio Beneti<\/p>\n<p>45 Pragm\u00e1tica psicanal\u00edtica<\/p>\n<p>Frederico Zeymer Feu de Carvalho<\/p>\n<p>51 Do desejo do analista ao parceiro-sinthoma<\/p>\n<p>Tania Coelho dos Santos<\/p>\n<p>57 Da suposi\u00e7\u00e3o \u00e0 inven\u00e7\u00e3o: o sujeito suposto saber na cl\u00ednica das urg\u00eancias subjetivas<\/p>\n<p>Luc\u00edola Freitas de Mac\u00eado<\/p>\n<p>63 A perna de pau e seus emplastros<\/p>\n<p>J\u00e9sus Santiago<\/p>\n<p>69 Da escrita do amor \u00e0 parceria amorosa com a escrita, ou do amor ao saber aos escritos<\/p>\n<p>Samyra Assad<\/p>\n<p>75 A elabora\u00e7\u00e3o do saber em an\u00e1lise e a inven\u00e7\u00e3o<\/p>\n<p>M\u00f4nica Assun\u00e7\u00e3o Costa Lima<\/p>\n<p>83 Para cada medida um uso singular, um saber fazer<\/p>\n<p>Cristiana Pittella de Mattos, Cristina Nogueira, M\u00f4nica Campos Silva<\/p>\n<p>&nbsp;<\/p>\n<p>RADAR<\/p>\n<p>91 A \u201cbela in\u00e9rcia\u201d. Nota sobre a depress\u00e3o em psican\u00e1lise<\/p>\n<p>Serge Cottet<\/p>\n<p>109 O deprimido no discurso anal\u00edtico<\/p>\n<p>Romildo do R\u00eago Barros<\/p>\n<p>&nbsp;<\/p>\n<p>LI\u00c7\u00d5ES DE PSICAN\u00c1LISE<\/p>\n<p>121 Responsabilidade na psicose: consentimento do sujeito \u00e0s fic\u00e7\u00f5es jur\u00eddicas<\/p>\n<p>Fernando Casula Ribeiro Pereira<\/p>\n<p>131 Rea\u00e7\u00e3o terap\u00eautica negativa e masoquismo<\/p>\n<p>Elisa Alvarenga<\/p>\n<p>&nbsp;<\/p>\n<p>&nbsp;<\/p>\n<p>Capa: Rubem Grilo. <em>Sem t\u00edtulo<\/em>, 2000. Xilogravura, 8,2 x 12 cm.<\/p>\n<p>&nbsp;<\/p>\n","protected":false},"excerpt":{"rendered":"<p>AUTOR V\u00e1rios autores N\u00daMERO \/ EDI\u00c7\u00c3O 27 ANO 2008 \u00a0 SOBRE O LIVRO \u00cdNDICE CURINGA 27 &nbsp; CARTAS NA MESA 11 Psican\u00e1lise e neuroci\u00eancias Ana Lydia Santiago &nbsp; INTERNACIONAL 17 Na cidade p\u00e2nico. Sintomas da urg\u00eancia subjetiva e respostas da psican\u00e1lise 27 Sobre o sintoma e o la\u00e7o social Guillermo A. Belaga &nbsp; O TRATAMENTO&hellip;<\/p>\n","protected":false},"author":1,"featured_media":0,"comment_status":"closed","ping_status":"closed","sticky":false,"template":"","format":"standard","meta":{"footnotes":""},"categories":[6],"tags":[],"post_series":[],"class_list":["post-3255","post","type-post","status-publish","format-standard","hentry","category-revista-curinga","entry","no-media"],"aioseo_notices":[],"_links":{"self":[{"href":"https:\/\/ebp.org.br\/mg\/wp-json\/wp\/v2\/posts\/3255","targetHints":{"allow":["GET"]}}],"collection":[{"href":"https:\/\/ebp.org.br\/mg\/wp-json\/wp\/v2\/posts"}],"about":[{"href":"https:\/\/ebp.org.br\/mg\/wp-json\/wp\/v2\/types\/post"}],"author":[{"embeddable":true,"href":"https:\/\/ebp.org.br\/mg\/wp-json\/wp\/v2\/users\/1"}],"replies":[{"embeddable":true,"href":"https:\/\/ebp.org.br\/mg\/wp-json\/wp\/v2\/comments?post=3255"}],"version-history":[{"count":0,"href":"https:\/\/ebp.org.br\/mg\/wp-json\/wp\/v2\/posts\/3255\/revisions"}],"wp:attachment":[{"href":"https:\/\/ebp.org.br\/mg\/wp-json\/wp\/v2\/media?parent=3255"}],"wp:term":[{"taxonomy":"category","embeddable":true,"href":"https:\/\/ebp.org.br\/mg\/wp-json\/wp\/v2\/categories?post=3255"},{"taxonomy":"post_tag","embeddable":true,"href":"https:\/\/ebp.org.br\/mg\/wp-json\/wp\/v2\/tags?post=3255"},{"taxonomy":"post_series","embeddable":true,"href":"https:\/\/ebp.org.br\/mg\/wp-json\/wp\/v2\/post_series?post=3255"}],"curies":[{"name":"wp","href":"https:\/\/api.w.org\/{rel}","templated":true}]}}