{"id":3252,"date":"2020-11-07T07:10:11","date_gmt":"2020-11-07T10:10:11","guid":{"rendered":"http:\/\/ebp.org.br\/mg\/?p=3252"},"modified":"2020-11-07T07:10:11","modified_gmt":"2020-11-07T10:10:11","slug":"curinga-026","status":"publish","type":"post","link":"https:\/\/ebp.org.br\/mg\/curinga-026\/","title":{"rendered":"Curinga 026"},"content":{"rendered":"<h3><strong><img loading=\"lazy\" decoding=\"async\" class=\"size-medium wp-image-3093 alignright\" src=\"http:\/\/ebp.org.br\/mg\/wp-content\/uploads\/2020\/10\/curinga026-216x300.jpg\" alt=\"\" width=\"216\" height=\"300\" \/>AUTOR<\/strong><\/h3>\n<p>V\u00e1rios autores<\/p>\n<h3><strong>N\u00daMERO \/ EDI\u00c7\u00c3O<\/strong><\/h3>\n<p>26<\/p>\n<h3><strong>ANO<\/strong><\/h3>\n<p>2008<\/p>\n<p><strong>\u00a0<\/strong><\/p>\n<h3><strong>SOBRE O LIVRO<\/strong><\/h3>\n<h3><strong>\u00cdNDICE<\/strong><\/h3>\n<p>CURINGA 26<\/p>\n<p>&nbsp;<\/p>\n<p>CARTAS NA MESA<\/p>\n<p>11 O CPCT e seu tempo<\/p>\n<p>Simone Souto<\/p>\n<p>15 Passe e CPCT no s\u00e9culo XXI<\/p>\n<p>Laure Naveau<\/p>\n<p>&nbsp;<\/p>\n<p>INTERNACIONAL<\/p>\n<p>19 A pervers\u00e3o: estrutura e ato<\/p>\n<p>27 A pervers\u00e3o em quest\u00e3o<\/p>\n<p>35 O p\u00e3o dos anjos<\/p>\n<p>Alain Merlet<\/p>\n<p>&nbsp;<\/p>\n<p>OS OBJETOS <em>a<\/em> NA EXPERI\u00caNCIA PSICANAL\u00cdTICA: CONVERSA\u00c7\u00c3O DA EBP-MG<\/p>\n<p>45 O objeto <em>a<\/em> na experi\u00eancia anal\u00edtica com as psicoses<\/p>\n<p>Interven\u00e7\u00e3o de Celso Renn\u00f3 Lima<\/p>\n<p>63 O objeto<em> a<\/em> na experi\u00eancia anal\u00edtica com a neurose obsessiva<\/p>\n<p>Interven\u00e7\u00e3o de J\u00e9sus Santiago<\/p>\n<p>79 O objeto <em>a<\/em> na experi\u00eancia anal\u00edtica com os n\u00f3s<\/p>\n<p>Interven\u00e7\u00e3o de S\u00e9rgio de Castro<\/p>\n<p>95 O objeto <em>a<\/em> na experi\u00eancia anal\u00edtica com o final do tratamento<\/p>\n<p>Interven\u00e7\u00e3o de Elisa Alvarenga<\/p>\n<p>&nbsp;<\/p>\n<p>RADAR<\/p>\n<p>111 <em>Hit et nunc<\/em><\/p>\n<p>Graciela Brodsky<\/p>\n<p>115 O sujeito suposto saber \u00e9 o piv\u00f4 da transfer\u00eancia?<\/p>\n<p>Ana Lydia Santiago<\/p>\n<p>121 De um desejo de saber que n\u00e3o seria cego<\/p>\n<p>Guy Trobas<\/p>\n<p>125 Novas rela\u00e7\u00f5es com a cl\u00ednica e a interpreta\u00e7\u00e3o<\/p>\n<p>Jean-Daniel Matet<\/p>\n<p>&nbsp;<\/p>\n<p>LI\u00c7\u00d5ES DE PSICAN\u00c1LISE<\/p>\n<p>133 Hans al\u00e9m do \u00c9dipo<\/p>\n<p>J\u00falio Fernandes<\/p>\n<p>&nbsp;<\/p>\n<p>&nbsp;<\/p>\n<p>Capa: Adriana Maciel. <em>Sem t\u00edtulo<\/em>, 2005. Acr\u00edlica sobre tela, 148, 83 cm.<\/p>\n","protected":false},"excerpt":{"rendered":"<p>AUTOR V\u00e1rios autores N\u00daMERO \/ EDI\u00c7\u00c3O 26 ANO 2008 \u00a0 SOBRE O LIVRO \u00cdNDICE CURINGA 26 &nbsp; CARTAS NA MESA 11 O CPCT e seu tempo Simone Souto 15 Passe e CPCT no s\u00e9culo XXI Laure Naveau &nbsp; INTERNACIONAL 19 A pervers\u00e3o: estrutura e ato 27 A pervers\u00e3o em quest\u00e3o 35 O p\u00e3o dos anjos&hellip;<\/p>\n","protected":false},"author":1,"featured_media":0,"comment_status":"closed","ping_status":"closed","sticky":false,"template":"","format":"standard","meta":{"footnotes":""},"categories":[6],"tags":[],"post_series":[],"class_list":["post-3252","post","type-post","status-publish","format-standard","hentry","category-revista-curinga","entry","no-media"],"aioseo_notices":[],"_links":{"self":[{"href":"https:\/\/ebp.org.br\/mg\/wp-json\/wp\/v2\/posts\/3252","targetHints":{"allow":["GET"]}}],"collection":[{"href":"https:\/\/ebp.org.br\/mg\/wp-json\/wp\/v2\/posts"}],"about":[{"href":"https:\/\/ebp.org.br\/mg\/wp-json\/wp\/v2\/types\/post"}],"author":[{"embeddable":true,"href":"https:\/\/ebp.org.br\/mg\/wp-json\/wp\/v2\/users\/1"}],"replies":[{"embeddable":true,"href":"https:\/\/ebp.org.br\/mg\/wp-json\/wp\/v2\/comments?post=3252"}],"version-history":[{"count":0,"href":"https:\/\/ebp.org.br\/mg\/wp-json\/wp\/v2\/posts\/3252\/revisions"}],"wp:attachment":[{"href":"https:\/\/ebp.org.br\/mg\/wp-json\/wp\/v2\/media?parent=3252"}],"wp:term":[{"taxonomy":"category","embeddable":true,"href":"https:\/\/ebp.org.br\/mg\/wp-json\/wp\/v2\/categories?post=3252"},{"taxonomy":"post_tag","embeddable":true,"href":"https:\/\/ebp.org.br\/mg\/wp-json\/wp\/v2\/tags?post=3252"},{"taxonomy":"post_series","embeddable":true,"href":"https:\/\/ebp.org.br\/mg\/wp-json\/wp\/v2\/post_series?post=3252"}],"curies":[{"name":"wp","href":"https:\/\/api.w.org\/{rel}","templated":true}]}}