{"id":3250,"date":"2020-11-07T07:09:32","date_gmt":"2020-11-07T10:09:32","guid":{"rendered":"http:\/\/ebp.org.br\/mg\/?p=3250"},"modified":"2020-11-07T07:09:32","modified_gmt":"2020-11-07T10:09:32","slug":"curinga-025","status":"publish","type":"post","link":"https:\/\/ebp.org.br\/mg\/curinga-025\/","title":{"rendered":"Curinga 025"},"content":{"rendered":"<h3><img loading=\"lazy\" decoding=\"async\" class=\"size-medium wp-image-3092 alignright\" src=\"http:\/\/ebp.org.br\/mg\/wp-content\/uploads\/2020\/10\/curinga025-218x300.jpg\" alt=\"\" width=\"218\" height=\"300\" \/>AUTOR<\/h3>\n<p>V\u00e1rios autores<\/p>\n<h3>N\u00daMERO \/ EDI\u00c7\u00c3O<\/h3>\n<p>25<\/p>\n<h3>ANO<\/h3>\n<p>2007<\/p>\n<p><strong>\u00a0<\/strong><\/p>\n<h3>SOBRE O LIVRO<\/h3>\n<h3>\u00cdNDICE<\/h3>\n<p>CURINGA 25<\/p>\n<p>&nbsp;<\/p>\n<p>CARTAS NA MESA<\/p>\n<p>11 A escola borromeana e a hip\u00f3tese dos ciclos<\/p>\n<p>J\u00e9sus Santiago<\/p>\n<p>15 Nota sobre os Centros de Psican\u00e1lise Aplicada \u00e0 Terap\u00eautica<\/p>\n<p>Elisa Alvarenga<\/p>\n<p>&nbsp;<\/p>\n<p>INTERNACIONAL<\/p>\n<p>19 O mal em psican\u00e1lise<\/p>\n<p>\u00c9ric Laurent<\/p>\n<p>27 Sobre o inessencial do sujeito suposto saber<\/p>\n<p>Pierre-Gilles Gu\u00e9guen<\/p>\n<p>&nbsp;<\/p>\n<p>A VARIEDADE DA PR\u00c1TICA PSICANAL\u00cdTICA: DO TIPO CL\u00cdNICO AO CASO \u00daNICO<\/p>\n<p>33 Como viver junto? Fronteiras e territ\u00f3rios<\/p>\n<p>Andr\u00e9a M\u00e1ris Campos Guerra<\/p>\n<p>C\u00e9lio Garcia<\/p>\n<p>Fernanda Otoni de Barros<\/p>\n<p>39 A nomea\u00e7\u00e3o diagn\u00f3stica e o sujeito pr\u00eat-\u00e0-porter<\/p>\n<p>Paula Pimenta [relatora]\n<p>45 Fracasso escolar: regra ou exce\u00e7\u00e3o?<\/p>\n<p>Margaret Pires do Couto [relatora]\n<p>49 Ang\u00e9lica: a d\u00e9bil?<\/p>\n<p>Suzan Faleiro Barroso [relatora]\n<p>55 O homem do rel\u00f3gio<\/p>\n<p>Maria Bernadete de Carvalho<\/p>\n<p>Luc\u00edola Freitas de Mac\u00eado [relatoras]\n<p>61 Da fantasia ao tra\u00e7o un\u00e1rio ou da histeria cl\u00e1ssica ao singular do feminino<\/p>\n<p>N\u00e1dia Lagu\u00e1rdia de Lima [relatora]\n<p>65 Do fen\u00f4meno psicossom\u00e1tico ao romance familiar<\/p>\n<p>Cristina Vidigal<\/p>\n<p>Patr\u00edcia Ribeiro<\/p>\n<p>Tereza Facury [relatoras]\n<p>69 O adolescente infrator e a cidade: suas armas, seus atalho<\/p>\n<p>Adriane Barroso<\/p>\n<p>Cristiane Barreto [relatoras]\n<p>75 Psican\u00e1lise, pol\u00edticas p\u00fablicas e caso \u00fanico<\/p>\n<p>Ant\u00f4nio Morelli [relator]\n<p>81 Adolesc\u00eancia e viol\u00eancia: solu\u00e7\u00f5es urbanas<\/p>\n<p>In\u00eas Seabra [relatora]\n<p>85 O valor cl\u00ednico do estranho<\/p>\n<p>Helenice Saldanha de Castro [relatora]\n<p>91 Da condi\u00e7\u00e3o universal do desamparo \u00e0 percep\u00e7\u00e3o singular do engano<\/p>\n<p>Wellerson Dur\u00e3es de Alkmim [relator]\n<p>95 Reinicializando Joana<\/p>\n<p>Luc\u00edola Freitas de Mac\u00eado [relatora]\n<p>101 Caso Pedro ou como pegar a voz<\/p>\n<p>Fernanda Costa [relatora]\n<p>&nbsp;<\/p>\n<p>RADAR<\/p>\n<p>107 O objeto olhar na anorexia<\/p>\n<p>M\u00f4nica Assun\u00e7\u00e3o Costa Lima<\/p>\n<p>113 Objeto s\u00f3rdido<\/p>\n<p>Yolanda Vilela<\/p>\n<p>&nbsp;<\/p>\n<p>Capa: Mar\u00edlia Giannetti Torres. <em>Sem t\u00edtulo<\/em>, 1960. \u00d3leo sobre tela, 74 x 60,5 cm. Cole\u00e7\u00e3o Manfredo de Souzanetto, Rio de Janeiro.<\/p>\n","protected":false},"excerpt":{"rendered":"<p>AUTOR V\u00e1rios autores N\u00daMERO \/ EDI\u00c7\u00c3O 25 ANO 2007 \u00a0 SOBRE O LIVRO \u00cdNDICE CURINGA 25 &nbsp; CARTAS NA MESA 11 A escola borromeana e a hip\u00f3tese dos ciclos J\u00e9sus Santiago 15 Nota sobre os Centros de Psican\u00e1lise Aplicada \u00e0 Terap\u00eautica Elisa Alvarenga &nbsp; INTERNACIONAL 19 O mal em psican\u00e1lise \u00c9ric Laurent 27 Sobre o&hellip;<\/p>\n","protected":false},"author":1,"featured_media":0,"comment_status":"closed","ping_status":"closed","sticky":false,"template":"","format":"standard","meta":{"footnotes":""},"categories":[6],"tags":[],"post_series":[],"class_list":["post-3250","post","type-post","status-publish","format-standard","hentry","category-revista-curinga","entry","no-media"],"aioseo_notices":[],"_links":{"self":[{"href":"https:\/\/ebp.org.br\/mg\/wp-json\/wp\/v2\/posts\/3250","targetHints":{"allow":["GET"]}}],"collection":[{"href":"https:\/\/ebp.org.br\/mg\/wp-json\/wp\/v2\/posts"}],"about":[{"href":"https:\/\/ebp.org.br\/mg\/wp-json\/wp\/v2\/types\/post"}],"author":[{"embeddable":true,"href":"https:\/\/ebp.org.br\/mg\/wp-json\/wp\/v2\/users\/1"}],"replies":[{"embeddable":true,"href":"https:\/\/ebp.org.br\/mg\/wp-json\/wp\/v2\/comments?post=3250"}],"version-history":[{"count":0,"href":"https:\/\/ebp.org.br\/mg\/wp-json\/wp\/v2\/posts\/3250\/revisions"}],"wp:attachment":[{"href":"https:\/\/ebp.org.br\/mg\/wp-json\/wp\/v2\/media?parent=3250"}],"wp:term":[{"taxonomy":"category","embeddable":true,"href":"https:\/\/ebp.org.br\/mg\/wp-json\/wp\/v2\/categories?post=3250"},{"taxonomy":"post_tag","embeddable":true,"href":"https:\/\/ebp.org.br\/mg\/wp-json\/wp\/v2\/tags?post=3250"},{"taxonomy":"post_series","embeddable":true,"href":"https:\/\/ebp.org.br\/mg\/wp-json\/wp\/v2\/post_series?post=3250"}],"curies":[{"name":"wp","href":"https:\/\/api.w.org\/{rel}","templated":true}]}}