{"id":3248,"date":"2020-11-07T07:08:48","date_gmt":"2020-11-07T10:08:48","guid":{"rendered":"http:\/\/ebp.org.br\/mg\/?p=3248"},"modified":"2020-11-07T07:08:48","modified_gmt":"2020-11-07T10:08:48","slug":"curinga-024","status":"publish","type":"post","link":"https:\/\/ebp.org.br\/mg\/curinga-024\/","title":{"rendered":"Curinga 024"},"content":{"rendered":"<h3><img loading=\"lazy\" decoding=\"async\" class=\"size-medium wp-image-3091 alignright\" src=\"http:\/\/ebp.org.br\/mg\/wp-content\/uploads\/2020\/10\/curinga024-217x300.jpg\" alt=\"\" width=\"217\" height=\"300\" \/>AUTOR<\/h3>\n<p>V\u00e1rios autores<\/p>\n<h3>N\u00daMERO \/ EDI\u00c7\u00c3O<\/h3>\n<p>24<\/p>\n<h3>ANO<\/h3>\n<p>2007<\/p>\n<p><strong>\u00a0<\/strong><\/p>\n<h3>SOBRE O LIVRO<\/h3>\n<h3>\u00cdNDICE<\/h3>\n<p>CURINGA 24<\/p>\n<p>&nbsp;<\/p>\n<p>CARTAS NA MESA<\/p>\n<p>11 A querela atual do sintoma: o realismo l\u00f3gico da psican\u00e1lise em face do nominalismo contempor\u00e2neo<\/p>\n<p>J\u00e9sus Santiago<\/p>\n<p>&nbsp;<\/p>\n<p>INTERNACIONAL<\/p>\n<p>21 A disparidade no amor<\/p>\n<p>\u00c9ric Laurent<\/p>\n<p>33 Psican\u00e1lise e Institui\u00e7\u00e3o<\/p>\n<p>V\u00e9ronique Mariage<\/p>\n<p>41 Vers\u00f5es do amor na experi\u00eancia psicanal\u00edtica<\/p>\n<p>V\u00e9ronique Mariage<\/p>\n<p>&nbsp;<\/p>\n<p>OS NOMES DO AMOR<\/p>\n<p>53 O amor, essa palavra<\/p>\n<p>Cristina Drummond<\/p>\n<p>63 O amor ao pr\u00f3ximo, hoje<\/p>\n<p>Ana Maria Costa Lino Figueir\u00f3<\/p>\n<p>71 Desfilia\u00e7\u00e3o: um nome para o amor?<\/p>\n<p>Maria Rita Guimar\u00e3es<\/p>\n<p>77 Os amores tempestuosos do jovem Werther<\/p>\n<p>M\u00e1rcia Rosa<\/p>\n<p>83 Sacrif\u00edcio, amor e sedu\u00e7\u00e3o<\/p>\n<p>Alessandra T. Rocha Beneti<\/p>\n<p>91 \u201cEu n\u00e3o posso dar o que os homens chamam amor\u201d: sintoma e nome pr\u00f3prio na obra de Machado de Assis<\/p>\n<p>Ana Maria Clark Peres<\/p>\n<p>&nbsp;<\/p>\n<p>RADAR<\/p>\n<p>97 Atualidades da cl\u00ednica psicanal\u00edtica<\/p>\n<p>Hebe Tizio<\/p>\n<p>103 A \u00e9tica da psican\u00e1lise: do desejo ao sintoma, ou o caso \u00fanico de Freud<\/p>\n<p>Henri Kaufmanner<\/p>\n<p>111 A pol\u00eamica dos tipos cl\u00ednicos da psican\u00e1lise com crian\u00e7as: da dispers\u00e3o \u00e0 reordena\u00e7\u00e3o do saber cl\u00ednico<\/p>\n<p>Suzana Faleiro Barroso<\/p>\n<p>&nbsp;<\/p>\n<p>BIBLIOTECA<\/p>\n<p>121 Mata-se um casal: o amor em Jules e Jim<\/p>\n<p>Musso Greco<\/p>\n<p>131 Reflex\u00f5es sobre o fim da experi\u00eancia na medicina<\/p>\n<p>S\u00e9rgio de Campos<\/p>\n<p>&nbsp;<\/p>\n<p>&nbsp;<\/p>\n<p>Capa: Adriano de Aquino. Sem t\u00edtulo, 2004, s\u00e9rie <em>Divis\u00f5es internas<\/em>. Acr\u00edlica sobre linho, d\u00edptico. 100 x 100 cm. Cole\u00e7\u00e3o particular, RJ.<\/p>\n","protected":false},"excerpt":{"rendered":"<p>AUTOR V\u00e1rios autores N\u00daMERO \/ EDI\u00c7\u00c3O 24 ANO 2007 \u00a0 SOBRE O LIVRO \u00cdNDICE CURINGA 24 &nbsp; CARTAS NA MESA 11 A querela atual do sintoma: o realismo l\u00f3gico da psican\u00e1lise em face do nominalismo contempor\u00e2neo J\u00e9sus Santiago &nbsp; INTERNACIONAL 21 A disparidade no amor \u00c9ric Laurent 33 Psican\u00e1lise e Institui\u00e7\u00e3o V\u00e9ronique Mariage 41 Vers\u00f5es&hellip;<\/p>\n","protected":false},"author":1,"featured_media":0,"comment_status":"closed","ping_status":"closed","sticky":false,"template":"","format":"standard","meta":{"footnotes":""},"categories":[6],"tags":[],"post_series":[],"class_list":["post-3248","post","type-post","status-publish","format-standard","hentry","category-revista-curinga","entry","no-media"],"aioseo_notices":[],"_links":{"self":[{"href":"https:\/\/ebp.org.br\/mg\/wp-json\/wp\/v2\/posts\/3248","targetHints":{"allow":["GET"]}}],"collection":[{"href":"https:\/\/ebp.org.br\/mg\/wp-json\/wp\/v2\/posts"}],"about":[{"href":"https:\/\/ebp.org.br\/mg\/wp-json\/wp\/v2\/types\/post"}],"author":[{"embeddable":true,"href":"https:\/\/ebp.org.br\/mg\/wp-json\/wp\/v2\/users\/1"}],"replies":[{"embeddable":true,"href":"https:\/\/ebp.org.br\/mg\/wp-json\/wp\/v2\/comments?post=3248"}],"version-history":[{"count":0,"href":"https:\/\/ebp.org.br\/mg\/wp-json\/wp\/v2\/posts\/3248\/revisions"}],"wp:attachment":[{"href":"https:\/\/ebp.org.br\/mg\/wp-json\/wp\/v2\/media?parent=3248"}],"wp:term":[{"taxonomy":"category","embeddable":true,"href":"https:\/\/ebp.org.br\/mg\/wp-json\/wp\/v2\/categories?post=3248"},{"taxonomy":"post_tag","embeddable":true,"href":"https:\/\/ebp.org.br\/mg\/wp-json\/wp\/v2\/tags?post=3248"},{"taxonomy":"post_series","embeddable":true,"href":"https:\/\/ebp.org.br\/mg\/wp-json\/wp\/v2\/post_series?post=3248"}],"curies":[{"name":"wp","href":"https:\/\/api.w.org\/{rel}","templated":true}]}}