{"id":3246,"date":"2020-11-07T07:08:13","date_gmt":"2020-11-07T10:08:13","guid":{"rendered":"http:\/\/ebp.org.br\/mg\/?p=3246"},"modified":"2020-11-07T07:08:13","modified_gmt":"2020-11-07T10:08:13","slug":"curinga-023","status":"publish","type":"post","link":"https:\/\/ebp.org.br\/mg\/curinga-023\/","title":{"rendered":"Curinga 023"},"content":{"rendered":"<h3><img loading=\"lazy\" decoding=\"async\" class=\"size-medium wp-image-3090 alignright\" src=\"http:\/\/ebp.org.br\/mg\/wp-content\/uploads\/2020\/10\/curinga023-222x300.jpg\" alt=\"\" width=\"222\" height=\"300\" \/>AUTOR<\/h3>\n<p>V\u00e1rios autores<\/p>\n<h3>N\u00daMERO \/ EDI\u00c7\u00c3O<\/h3>\n<p>23<\/p>\n<h3>ANO<\/h3>\n<p>2006<\/p>\n<p><strong>\u00a0<\/strong><\/p>\n<h3>SOBRE O LIVRO<\/h3>\n<h3>\u00cdNDICE<\/h3>\n<p>CURINGA 23<\/p>\n<p>&nbsp;<\/p>\n<p>CARTAS NA MESA<\/p>\n<p>11 <em>a-<\/em>Tempo: Centro de Tratamento Psicanal\u00edtico de Curta Dura\u00e7\u00e3o<\/p>\n<p>Elisa Alvarenga<\/p>\n<p>&nbsp;<\/p>\n<p>INTERNACIONAL<\/p>\n<p>15 A arte do diagn\u00f3stico: o rouxinol de Lacan<\/p>\n<p>Jacques-Alain Miller<\/p>\n<p>&nbsp;<\/p>\n<p>SER PAI, HOJE<\/p>\n<p>35 A modernidade ir\u00f4nica e a Cidade de Deus<\/p>\n<p>Philippe Lacad\u00e9e<\/p>\n<p>55 O uso do Nome-do-pai: a ferramenta do pai e a pr\u00e1tica anal\u00edtica<\/p>\n<p>Philippe Lacad\u00e9e<\/p>\n<p>71 A <em>outil<\/em>idade do pai<\/p>\n<p>S\u00e9rgio de Campos<\/p>\n<p>81 Nome-do-pai e sintoma: da transfer\u00eancia \u00e0 exce\u00e7\u00e3o<\/p>\n<p>Henri Kaufmanner<\/p>\n<p>89 O n\u00f3 ateu: do mito do Pai ao Pai como sinthome<\/p>\n<p>Ant\u00f4nio Teixeira<\/p>\n<p>95 Pai e inven\u00e7\u00e3o<\/p>\n<p>Cristina Drummond<\/p>\n<p>99 Uma interven\u00e7\u00e3o <em>sinthom\u00e1tica<\/em><\/p>\n<p>Antonio Beneti<\/p>\n<p>107 <em>Pater incertus<\/em><\/p>\n<p>Sandra Espinha Oliveira<\/p>\n<p>113 Fic\u00e7\u00f5es e <em>fix\u00f5es<\/em>: ancoragens paternas<\/p>\n<p>Helenice de Castro [relatora]\n<p>&nbsp;<\/p>\n<p>RADAR<\/p>\n<p>123 Variantes do amor c\u00f4mico<\/p>\n<p>Laura Lustosa Rubi\u00e3o<\/p>\n<p>129 A querela do diagn\u00f3stico e a crise do modelo edipiano<\/p>\n<p>Cristiana Pittella de Mattos<\/p>\n<p>&nbsp;<\/p>\n<p>PSICAN\u00c1LISE E INSTITUI\u00c7\u00c3O<\/p>\n<p>139 Uma pr\u00e1tica em institui\u00e7\u00e3o orientada pela psican\u00e1lise pura<\/p>\n<p>V\u00e9ronique Mariage<\/p>\n<p>&nbsp;<\/p>\n<p>Capa: Angelo de Aquino. <em>Dicion\u00e1rio Rex<\/em>, 1989. Acr\u00edlico e colagem sobre tela. 120 x 150 cm. Cole\u00e7\u00e3o Francisco S. Brand\u00e3o, RJ.<\/p>\n","protected":false},"excerpt":{"rendered":"<p>AUTOR V\u00e1rios autores N\u00daMERO \/ EDI\u00c7\u00c3O 23 ANO 2006 \u00a0 SOBRE O LIVRO \u00cdNDICE CURINGA 23 &nbsp; CARTAS NA MESA 11 a-Tempo: Centro de Tratamento Psicanal\u00edtico de Curta Dura\u00e7\u00e3o Elisa Alvarenga &nbsp; INTERNACIONAL 15 A arte do diagn\u00f3stico: o rouxinol de Lacan Jacques-Alain Miller &nbsp; SER PAI, HOJE 35 A modernidade ir\u00f4nica e a Cidade&hellip;<\/p>\n","protected":false},"author":1,"featured_media":0,"comment_status":"closed","ping_status":"closed","sticky":false,"template":"","format":"standard","meta":{"footnotes":""},"categories":[6],"tags":[],"post_series":[],"class_list":["post-3246","post","type-post","status-publish","format-standard","hentry","category-revista-curinga","entry","no-media"],"aioseo_notices":[],"_links":{"self":[{"href":"https:\/\/ebp.org.br\/mg\/wp-json\/wp\/v2\/posts\/3246","targetHints":{"allow":["GET"]}}],"collection":[{"href":"https:\/\/ebp.org.br\/mg\/wp-json\/wp\/v2\/posts"}],"about":[{"href":"https:\/\/ebp.org.br\/mg\/wp-json\/wp\/v2\/types\/post"}],"author":[{"embeddable":true,"href":"https:\/\/ebp.org.br\/mg\/wp-json\/wp\/v2\/users\/1"}],"replies":[{"embeddable":true,"href":"https:\/\/ebp.org.br\/mg\/wp-json\/wp\/v2\/comments?post=3246"}],"version-history":[{"count":0,"href":"https:\/\/ebp.org.br\/mg\/wp-json\/wp\/v2\/posts\/3246\/revisions"}],"wp:attachment":[{"href":"https:\/\/ebp.org.br\/mg\/wp-json\/wp\/v2\/media?parent=3246"}],"wp:term":[{"taxonomy":"category","embeddable":true,"href":"https:\/\/ebp.org.br\/mg\/wp-json\/wp\/v2\/categories?post=3246"},{"taxonomy":"post_tag","embeddable":true,"href":"https:\/\/ebp.org.br\/mg\/wp-json\/wp\/v2\/tags?post=3246"},{"taxonomy":"post_series","embeddable":true,"href":"https:\/\/ebp.org.br\/mg\/wp-json\/wp\/v2\/post_series?post=3246"}],"curies":[{"name":"wp","href":"https:\/\/api.w.org\/{rel}","templated":true}]}}