{"id":3242,"date":"2020-11-07T07:06:45","date_gmt":"2020-11-07T10:06:45","guid":{"rendered":"http:\/\/ebp.org.br\/mg\/?p=3242"},"modified":"2020-11-07T07:06:45","modified_gmt":"2020-11-07T10:06:45","slug":"curinga-021","status":"publish","type":"post","link":"https:\/\/ebp.org.br\/mg\/curinga-021\/","title":{"rendered":"Curinga 021"},"content":{"rendered":"<h3><img loading=\"lazy\" decoding=\"async\" class=\"size-medium wp-image-3088 alignright\" src=\"http:\/\/ebp.org.br\/mg\/wp-content\/uploads\/2020\/10\/curinga021-220x300.jpg\" alt=\"\" width=\"220\" height=\"300\" \/>AUTOR<\/h3>\n<p>V\u00e1rios autores<\/p>\n<h3>N\u00daMERO \/ EDI\u00c7\u00c3O<\/h3>\n<p>21<\/p>\n<h3>ANO<\/h3>\n<p>2005<\/p>\n<p><strong>\u00a0<\/strong><\/p>\n<h3>SOBRE O LIVRO<\/h3>\n<h3>\u00cdNDICE<\/h3>\n<p>CURINGA 21<\/p>\n<p>&nbsp;<\/p>\n<p>CARTAS NA MESA<\/p>\n<p>11 Reformas no setor sa\u00fade<\/p>\n<p>C\u00e9lio Garcia<\/p>\n<p>&nbsp;<\/p>\n<p>INTERNACIONAL<\/p>\n<p>17 Ang\u00fastia moderna, ang\u00fastia de sempre<\/p>\n<p>Guy Trobas<\/p>\n<p>29 Desangustiar?<\/p>\n<p>\u00c9ric Laurent<\/p>\n<p>&nbsp;<\/p>\n<p>JOVENS EM AN\u00c1LISE<\/p>\n<p>41 Do pai universal ao pai singular<\/p>\n<p>Fabi\u00e1n Naparstek<\/p>\n<p>55 Jovens em an\u00e1lise<\/p>\n<p>Cristiana Pittella de Mattos<\/p>\n<p>61 Adolesc\u00eancia como sintoma<\/p>\n<p>Jorge A. Pimenta Filho [relator]\n<p>73 O real da puberdade e o trabalho da adolesc\u00eancia<\/p>\n<p>Suzana Faleiro Barroso<\/p>\n<p>81 A orienta\u00e7\u00e3o do objeto<\/p>\n<p>Cristina Drummond<\/p>\n<p>87 O futuro de uma desilus\u00e3o<\/p>\n<p>Simone Oliveira Souto<\/p>\n<p>&nbsp;<\/p>\n<p>CART\u00c9IS<\/p>\n<p>93 As duas vertentes da transfer\u00eancia e seu manejo<\/p>\n<p>Margaret Pires do Couto<\/p>\n<p>&nbsp;<\/p>\n<p>RADAR<\/p>\n<p>103 Vers\u00f5es neur\u00f3ticas do gozo do Outro<\/p>\n<p>Fabi\u00e1n Schejtman<\/p>\n<p>&nbsp;<\/p>\n<p>A PSICAN\u00c1LISE E A CIDADE<\/p>\n<p>109 Criar um centro Psicanal\u00edtico em Minas Gerais<\/p>\n<p>Conversa\u00e7\u00e3o<\/p>\n<p>&nbsp;<\/p>\n<p>RESENHA<\/p>\n<p>131 Tratar o imposs\u00edvel<\/p>\n<p>L\u00facia Grossi<\/p>\n<p>&nbsp;<\/p>\n<p>&nbsp;<\/p>\n<p>Capa: Marcos Coelho Benjamin. Luva de borracha e p\u00e9rolas, s\/ t\u00edtulo, 1991. Dimens\u00e3o: 40&#215;17 cm. Foto: Daniell Coury.<\/p>\n","protected":false},"excerpt":{"rendered":"<p>AUTOR V\u00e1rios autores N\u00daMERO \/ EDI\u00c7\u00c3O 21 ANO 2005 \u00a0 SOBRE O LIVRO \u00cdNDICE CURINGA 21 &nbsp; CARTAS NA MESA 11 Reformas no setor sa\u00fade C\u00e9lio Garcia &nbsp; INTERNACIONAL 17 Ang\u00fastia moderna, ang\u00fastia de sempre Guy Trobas 29 Desangustiar? \u00c9ric Laurent &nbsp; JOVENS EM AN\u00c1LISE 41 Do pai universal ao pai singular Fabi\u00e1n Naparstek 55&hellip;<\/p>\n","protected":false},"author":1,"featured_media":0,"comment_status":"closed","ping_status":"closed","sticky":false,"template":"","format":"standard","meta":{"footnotes":""},"categories":[6],"tags":[],"post_series":[],"class_list":["post-3242","post","type-post","status-publish","format-standard","hentry","category-revista-curinga","entry","no-media"],"aioseo_notices":[],"_links":{"self":[{"href":"https:\/\/ebp.org.br\/mg\/wp-json\/wp\/v2\/posts\/3242","targetHints":{"allow":["GET"]}}],"collection":[{"href":"https:\/\/ebp.org.br\/mg\/wp-json\/wp\/v2\/posts"}],"about":[{"href":"https:\/\/ebp.org.br\/mg\/wp-json\/wp\/v2\/types\/post"}],"author":[{"embeddable":true,"href":"https:\/\/ebp.org.br\/mg\/wp-json\/wp\/v2\/users\/1"}],"replies":[{"embeddable":true,"href":"https:\/\/ebp.org.br\/mg\/wp-json\/wp\/v2\/comments?post=3242"}],"version-history":[{"count":0,"href":"https:\/\/ebp.org.br\/mg\/wp-json\/wp\/v2\/posts\/3242\/revisions"}],"wp:attachment":[{"href":"https:\/\/ebp.org.br\/mg\/wp-json\/wp\/v2\/media?parent=3242"}],"wp:term":[{"taxonomy":"category","embeddable":true,"href":"https:\/\/ebp.org.br\/mg\/wp-json\/wp\/v2\/categories?post=3242"},{"taxonomy":"post_tag","embeddable":true,"href":"https:\/\/ebp.org.br\/mg\/wp-json\/wp\/v2\/tags?post=3242"},{"taxonomy":"post_series","embeddable":true,"href":"https:\/\/ebp.org.br\/mg\/wp-json\/wp\/v2\/post_series?post=3242"}],"curies":[{"name":"wp","href":"https:\/\/api.w.org\/{rel}","templated":true}]}}