{"id":3240,"date":"2020-11-07T07:06:02","date_gmt":"2020-11-07T10:06:02","guid":{"rendered":"http:\/\/ebp.org.br\/mg\/?p=3240"},"modified":"2020-11-07T07:06:02","modified_gmt":"2020-11-07T10:06:02","slug":"curinga-020","status":"publish","type":"post","link":"https:\/\/ebp.org.br\/mg\/curinga-020\/","title":{"rendered":"Curinga 020"},"content":{"rendered":"<h3><img loading=\"lazy\" decoding=\"async\" class=\"size-medium wp-image-3087 alignright\" src=\"http:\/\/ebp.org.br\/mg\/wp-content\/uploads\/2020\/10\/curinga020-221x300.jpg\" alt=\"\" width=\"221\" height=\"300\" \/>AUTOR<\/h3>\n<p>V\u00e1rios autores<\/p>\n<h3>N\u00daMERO \/ EDI\u00c7\u00c3O<\/h3>\n<p>20<\/p>\n<h3>ANO<\/h3>\n<p>2004<\/p>\n<p><strong>\u00a0<\/strong><\/p>\n<h3>SOBRE O LIVRO<\/h3>\n<h3>\u00cdNDICE<\/h3>\n<p>CURINGA 20<\/p>\n<p>&nbsp;<\/p>\n<p>CARTAS NA MESA<\/p>\n<p>09 Vigiar e prevenir<\/p>\n<p>S\u00e9rgio de Mattos<\/p>\n<p>&nbsp;<\/p>\n<p>INTERNACIONAL<\/p>\n<p>17 Como recompor os Nomes-do-Pai?<\/p>\n<p>\u00c9ric Laurent<\/p>\n<p>27 Adolesc\u00eancia como sistema da puberdade<\/p>\n<p>Alexandre Stevens<\/p>\n<p>&nbsp;<\/p>\n<p>O PASSE: TESTEMUNHOS CL\u00cdNICOS<\/p>\n<p>41 O fim do supereu<\/p>\n<p>Elisa Alvarenga<\/p>\n<p>45 Testemunho 1: caso \u201chei\u201d<\/p>\n<p>Fabi\u00e1n Abraham Naparsteck<\/p>\n<p>&nbsp;<\/p>\n<p>CL\u00cdNICA DO CONSUMO<\/p>\n<p>55 Mais-al\u00e9m do consumo<\/p>\n<p>Maur\u00edcio Tarrab<\/p>\n<p>79 Anorexia e bulimia em \u201cPollyana mo\u00e7a\u201d<\/p>\n<p>Cristiana Pittella de Mattos<\/p>\n<p>85 Da d\u00edvida ao acting-out: reencontro com as voz do pai<\/p>\n<p>Ana Lydia Bezerra Santiago<\/p>\n<p>91 Caso AJ<\/p>\n<p>Roberto Assis Ferreira<\/p>\n<p>97 Coment\u00e1rio do caso AJ<\/p>\n<p>Maur\u00edcio Tarrab<\/p>\n<p>&nbsp;<\/p>\n<p>VIII JORNADA DOS CART\u00c9IS<\/p>\n<p>107 Res\u00edduos do nada: a arte contempor\u00e2nea e a subjetividade feminina<\/p>\n<p>Cristina Marcos<\/p>\n<p>&nbsp;<\/p>\n<p>BIBLIOTECA AO VIVO<\/p>\n<p>117 A breve liberdade de Dafine e Clo\u00e9<\/p>\n<p>Cristina Marcos e L\u00facia Grossi dos Santos<\/p>\n<p>&nbsp;<\/p>\n<p>RADAR<\/p>\n<p>123 Adolescentes, qual transi\u00e7\u00e3o hoje?<\/p>\n<p>Jorge A. Pimenta Filho<\/p>\n<p>131 O despertar sexual na adolesc\u00eancia<\/p>\n<p>Cristiane Barreto<\/p>\n<p>&nbsp;<\/p>\n<p>A PSICAN\u00c1LISE E A CIDADE<\/p>\n<p>143 Entrevista com Cao Guimar\u00e3es<\/p>\n<p>&nbsp;<\/p>\n<p>148 Resumo<\/p>\n<p>&nbsp;<\/p>\n<p>&nbsp;<\/p>\n<p>Capa: The Wish [Oliveira] Tree, 2003. Papel, oliveira. Dimens\u00f5es vari\u00e1veis. Vista da instala\u00e7\u00e3o no Le Jardin, Gatti\u00e8res. Cortesia Galeria Fortes Vila\u00e7a, S\u00e3o Paulo. Foto: Rivane Neuenschwander.<\/p>\n<p><strong>\u00a0<\/strong><\/p>\n","protected":false},"excerpt":{"rendered":"<p>AUTOR V\u00e1rios autores N\u00daMERO \/ EDI\u00c7\u00c3O 20 ANO 2004 \u00a0 SOBRE O LIVRO \u00cdNDICE CURINGA 20 &nbsp; CARTAS NA MESA 09 Vigiar e prevenir S\u00e9rgio de Mattos &nbsp; INTERNACIONAL 17 Como recompor os Nomes-do-Pai? \u00c9ric Laurent 27 Adolesc\u00eancia como sistema da puberdade Alexandre Stevens &nbsp; O PASSE: TESTEMUNHOS CL\u00cdNICOS 41 O fim do supereu Elisa&hellip;<\/p>\n","protected":false},"author":1,"featured_media":0,"comment_status":"closed","ping_status":"closed","sticky":false,"template":"","format":"standard","meta":{"footnotes":""},"categories":[6],"tags":[],"post_series":[],"class_list":["post-3240","post","type-post","status-publish","format-standard","hentry","category-revista-curinga","entry","no-media"],"aioseo_notices":[],"_links":{"self":[{"href":"https:\/\/ebp.org.br\/mg\/wp-json\/wp\/v2\/posts\/3240","targetHints":{"allow":["GET"]}}],"collection":[{"href":"https:\/\/ebp.org.br\/mg\/wp-json\/wp\/v2\/posts"}],"about":[{"href":"https:\/\/ebp.org.br\/mg\/wp-json\/wp\/v2\/types\/post"}],"author":[{"embeddable":true,"href":"https:\/\/ebp.org.br\/mg\/wp-json\/wp\/v2\/users\/1"}],"replies":[{"embeddable":true,"href":"https:\/\/ebp.org.br\/mg\/wp-json\/wp\/v2\/comments?post=3240"}],"version-history":[{"count":0,"href":"https:\/\/ebp.org.br\/mg\/wp-json\/wp\/v2\/posts\/3240\/revisions"}],"wp:attachment":[{"href":"https:\/\/ebp.org.br\/mg\/wp-json\/wp\/v2\/media?parent=3240"}],"wp:term":[{"taxonomy":"category","embeddable":true,"href":"https:\/\/ebp.org.br\/mg\/wp-json\/wp\/v2\/categories?post=3240"},{"taxonomy":"post_tag","embeddable":true,"href":"https:\/\/ebp.org.br\/mg\/wp-json\/wp\/v2\/tags?post=3240"},{"taxonomy":"post_series","embeddable":true,"href":"https:\/\/ebp.org.br\/mg\/wp-json\/wp\/v2\/post_series?post=3240"}],"curies":[{"name":"wp","href":"https:\/\/api.w.org\/{rel}","templated":true}]}}