{"id":3236,"date":"2020-11-07T07:04:39","date_gmt":"2020-11-07T10:04:39","guid":{"rendered":"http:\/\/ebp.org.br\/mg\/?p=3236"},"modified":"2020-11-07T07:04:39","modified_gmt":"2020-11-07T10:04:39","slug":"curinga-018","status":"publish","type":"post","link":"https:\/\/ebp.org.br\/mg\/curinga-018\/","title":{"rendered":"Curinga 018"},"content":{"rendered":"<h3><img loading=\"lazy\" decoding=\"async\" class=\"size-medium wp-image-3085 alignright\" src=\"http:\/\/ebp.org.br\/mg\/wp-content\/uploads\/2020\/10\/curinga018-224x300.jpg\" alt=\"\" width=\"224\" height=\"300\" \/>AUTOR<\/h3>\n<p>V\u00e1rios autores<\/p>\n<h3>N\u00daMERO \/ EDI\u00c7\u00c3O<\/h3>\n<p>18<\/p>\n<h3>ANO<\/h3>\n<p>2002<\/p>\n<p><strong>\u00a0<\/strong><\/p>\n<h3>SOBRE O LIVRO<\/h3>\n<h3>\u00cdNDICE<\/h3>\n<p>CURINGA 18<\/p>\n<p>&nbsp;<\/p>\n<p>APRESENTA\u00c7\u00c3O<\/p>\n<p>07 Por nossa posi\u00e7\u00e3o como sujeitos somos sempre respons\u00e1veis<\/p>\n<p>S\u00e9rgio de Mattos<\/p>\n<p>&nbsp;<\/p>\n<p>ABERTURA<\/p>\n<p>12 A lei e o fora-da-lei<\/p>\n<p>Cristina Drummond<\/p>\n<p>&nbsp;<\/p>\n<p>AS PATOLOGIAS DA LEI: CASOS CL\u00cdNICOS<\/p>\n<p>20 Homem que \u00e9 homem<\/p>\n<p>Ana Maria Costa Lino Figueir\u00f3<\/p>\n<p>28 Pai odiado, pai sem lei<\/p>\n<p>Ana Lydia Bezerra Santiago<\/p>\n<p>34 A Toxicomania e o pai<\/p>\n<p>Cristina Sandra Pinelli Nogueira<\/p>\n<p>42 O sexo que n\u00e3o se v\u00ea<\/p>\n<p>Cristiana Pittella de Mattos<\/p>\n<p>50 O fora-da-lei do desejo da m\u00e3e: um toxic\u00f4mano hamletiano<\/p>\n<p>J\u00e9sus Santiago<\/p>\n<p>56 Corta!<\/p>\n<p>Francisco dos Reis Goyat\u00e1<\/p>\n<p>&nbsp;<\/p>\n<p>PRESEN\u00c7A E AUS\u00caNCIA DO PAI<\/p>\n<p>60 Discurso anal\u00edtico e discurso jur\u00eddico<\/p>\n<p>Ram Avraham Mandil<\/p>\n<p>70 As regras e a lei na Institui\u00e7\u00e3o<\/p>\n<p>Lilany Vieira Pacheco<\/p>\n<p>80 O ato jur\u00eddico como um operador cl\u00ednico nos casos de psicose<\/p>\n<p>Fernanda Otoni de Barros<\/p>\n<p>&nbsp;<\/p>\n<p>VERS\u00d5ES DA LEI<\/p>\n<p>88 Lacan, apesar da lei<\/p>\n<p>Fran\u00e7ois Regnault<\/p>\n<p>98 A lei \u00e9 uma forma do simb\u00f3lico<\/p>\n<p>Fran\u00e7ois Regnault<\/p>\n<p>112 O feminino e a lei<\/p>\n<p>Elisa Alvarenga<\/p>\n<p>&nbsp;<\/p>\n<p>121 PANORAMA DA PR\u00d3XIMA EDI\u00c7\u00c3O: COMO A PSICAN\u00c1LISE CURA<\/p>\n<p>122 De que sofremos?<\/p>\n<p>Marie H\u00e9l\u00e8ne Brousse<\/p>\n<p>&nbsp;<\/p>\n<p>Capa: Pedro Moraleida. Da s\u00e9rie: fluxos plenos de desejos. Sem t\u00edtulo. Acr\u00edlica, esmalte e colagem sobre papel. 162 x 137 cm. Fotografia Daniel Coury<\/p>\n<p><strong>\u00a0<\/strong><\/p>\n","protected":false},"excerpt":{"rendered":"<p>AUTOR V\u00e1rios autores N\u00daMERO \/ EDI\u00c7\u00c3O 18 ANO 2002 \u00a0 SOBRE O LIVRO \u00cdNDICE CURINGA 18 &nbsp; APRESENTA\u00c7\u00c3O 07 Por nossa posi\u00e7\u00e3o como sujeitos somos sempre respons\u00e1veis S\u00e9rgio de Mattos &nbsp; ABERTURA 12 A lei e o fora-da-lei Cristina Drummond &nbsp; AS PATOLOGIAS DA LEI: CASOS CL\u00cdNICOS 20 Homem que \u00e9 homem Ana Maria Costa&hellip;<\/p>\n","protected":false},"author":1,"featured_media":0,"comment_status":"closed","ping_status":"closed","sticky":false,"template":"","format":"standard","meta":{"footnotes":""},"categories":[6],"tags":[],"post_series":[],"class_list":["post-3236","post","type-post","status-publish","format-standard","hentry","category-revista-curinga","entry","no-media"],"aioseo_notices":[],"_links":{"self":[{"href":"https:\/\/ebp.org.br\/mg\/wp-json\/wp\/v2\/posts\/3236","targetHints":{"allow":["GET"]}}],"collection":[{"href":"https:\/\/ebp.org.br\/mg\/wp-json\/wp\/v2\/posts"}],"about":[{"href":"https:\/\/ebp.org.br\/mg\/wp-json\/wp\/v2\/types\/post"}],"author":[{"embeddable":true,"href":"https:\/\/ebp.org.br\/mg\/wp-json\/wp\/v2\/users\/1"}],"replies":[{"embeddable":true,"href":"https:\/\/ebp.org.br\/mg\/wp-json\/wp\/v2\/comments?post=3236"}],"version-history":[{"count":0,"href":"https:\/\/ebp.org.br\/mg\/wp-json\/wp\/v2\/posts\/3236\/revisions"}],"wp:attachment":[{"href":"https:\/\/ebp.org.br\/mg\/wp-json\/wp\/v2\/media?parent=3236"}],"wp:term":[{"taxonomy":"category","embeddable":true,"href":"https:\/\/ebp.org.br\/mg\/wp-json\/wp\/v2\/categories?post=3236"},{"taxonomy":"post_tag","embeddable":true,"href":"https:\/\/ebp.org.br\/mg\/wp-json\/wp\/v2\/tags?post=3236"},{"taxonomy":"post_series","embeddable":true,"href":"https:\/\/ebp.org.br\/mg\/wp-json\/wp\/v2\/post_series?post=3236"}],"curies":[{"name":"wp","href":"https:\/\/api.w.org\/{rel}","templated":true}]}}