{"id":3234,"date":"2020-11-07T07:03:55","date_gmt":"2020-11-07T10:03:55","guid":{"rendered":"http:\/\/ebp.org.br\/mg\/?p=3234"},"modified":"2020-11-07T07:03:55","modified_gmt":"2020-11-07T10:03:55","slug":"curinga-017","status":"publish","type":"post","link":"https:\/\/ebp.org.br\/mg\/curinga-017\/","title":{"rendered":"Curinga 017"},"content":{"rendered":"<h3><img loading=\"lazy\" decoding=\"async\" class=\"size-medium wp-image-3084 alignright\" src=\"http:\/\/ebp.org.br\/mg\/wp-content\/uploads\/2020\/10\/curinga017-223x300.jpg\" alt=\"\" width=\"223\" height=\"300\" \/>AUTOR<\/h3>\n<p>V\u00e1rios autores<\/p>\n<h3>N\u00daMERO \/ EDI\u00c7\u00c3O<\/h3>\n<p>17<\/p>\n<h3>ANO<\/h3>\n<p>2001<\/p>\n<p><strong>\u00a0<\/strong><\/p>\n<h3>SOBRE O LIVRO<\/h3>\n<h3>\u00cdNDICE<\/h3>\n<p>CURINGA 17<\/p>\n<p>&nbsp;<\/p>\n<p>APRESENTA\u00c7\u00c3O<\/p>\n<p>&nbsp;<\/p>\n<p>A Lei e a lei<\/p>\n<p>10 A lei e norma<\/p>\n<p>C\u00e9lio Garcia<\/p>\n<p>20 Fred e a culpa: a culpabilidade antecede o crime<\/p>\n<p>Maria Jos\u00e9 Gontijo Salum<\/p>\n<p>36 Lacan e a Lei: para al\u00e9m da transgress\u00e3o<\/p>\n<p>Cristina Drummond<\/p>\n<p>44 A lei simb\u00f3lica e a lei insensata: uma introdu\u00e7\u00e3o \u00e0 teoria do supereu<\/p>\n<p>Francisco Paes Barreto<\/p>\n<p>52 A Leila e a Norma<\/p>\n<p>Ant\u00f4nio Teixeira<\/p>\n<p>&nbsp;<\/p>\n<p>A psicose e a lei<\/p>\n<p>62 O sujeito psic\u00f3tico e a lei<\/p>\n<p>Elisa Alvarenga<\/p>\n<p>72 Parric\u00eddio e foraclus\u00e3o do Nome-do-pai<\/p>\n<p>Jean-Claude Maleval<\/p>\n<p>96 Ju\u00edzes para salvar o pai?<\/p>\n<p>Catherine Patoux-Guerber<\/p>\n<p>106 Da inoc\u00eancia insuport\u00e1vel<\/p>\n<p>Henri Kaufmanner<\/p>\n<p>116 Lu\u00edz, o inocente-culpado<\/p>\n<p>Maria Cristina Bechelany Dutra<\/p>\n<p>128 O crime kakon: uma quest\u00e3o sobre a lei do gozo nas psicoses<\/p>\n<p>J\u00e9sus Santiago<\/p>\n<p>&nbsp;<\/p>\n<p>Para al\u00e9m da lei<\/p>\n<p>138 As crian\u00e7as contumazes<\/p>\n<p>Fran\u00e7ois L\u00e9guil<\/p>\n<p>152 Reponsabilidade: medida do homem; quest\u00e3o do sujeito<\/p>\n<p>Ant\u00f4nio Morelli<\/p>\n<p>162 A intemperante<\/p>\n<p>Rose-Paule Vinciguerra<\/p>\n<p>170 Tudo sobre meu pai e minha m\u00e3e<\/p>\n<p>Hilario Cid Vivas<\/p>\n<p>&nbsp;<\/p>\n<p>PANORAMA DA PR\u00d3XIMA EDI\u00c7\u00c3O: A LEI E O FORA-DA-LEI<\/p>\n<p>178 Da Lei ao Fora-da-lei<\/p>\n<p>S\u00e9rgio de Mattos<\/p>\n<p>&nbsp;<\/p>\n<p>&nbsp;<\/p>\n<p>Capa: Isaura Pena. Original 10,5cm x 14,7 cm. 1999. Sem t\u00edtulo. Guache s\/papel<\/p>\n","protected":false},"excerpt":{"rendered":"<p>AUTOR V\u00e1rios autores N\u00daMERO \/ EDI\u00c7\u00c3O 17 ANO 2001 \u00a0 SOBRE O LIVRO \u00cdNDICE CURINGA 17 &nbsp; APRESENTA\u00c7\u00c3O &nbsp; A Lei e a lei 10 A lei e norma C\u00e9lio Garcia 20 Fred e a culpa: a culpabilidade antecede o crime Maria Jos\u00e9 Gontijo Salum 36 Lacan e a Lei: para al\u00e9m da transgress\u00e3o Cristina&hellip;<\/p>\n","protected":false},"author":1,"featured_media":0,"comment_status":"closed","ping_status":"closed","sticky":false,"template":"","format":"standard","meta":{"footnotes":""},"categories":[6],"tags":[],"post_series":[],"class_list":["post-3234","post","type-post","status-publish","format-standard","hentry","category-revista-curinga","entry","no-media"],"aioseo_notices":[],"_links":{"self":[{"href":"https:\/\/ebp.org.br\/mg\/wp-json\/wp\/v2\/posts\/3234","targetHints":{"allow":["GET"]}}],"collection":[{"href":"https:\/\/ebp.org.br\/mg\/wp-json\/wp\/v2\/posts"}],"about":[{"href":"https:\/\/ebp.org.br\/mg\/wp-json\/wp\/v2\/types\/post"}],"author":[{"embeddable":true,"href":"https:\/\/ebp.org.br\/mg\/wp-json\/wp\/v2\/users\/1"}],"replies":[{"embeddable":true,"href":"https:\/\/ebp.org.br\/mg\/wp-json\/wp\/v2\/comments?post=3234"}],"version-history":[{"count":0,"href":"https:\/\/ebp.org.br\/mg\/wp-json\/wp\/v2\/posts\/3234\/revisions"}],"wp:attachment":[{"href":"https:\/\/ebp.org.br\/mg\/wp-json\/wp\/v2\/media?parent=3234"}],"wp:term":[{"taxonomy":"category","embeddable":true,"href":"https:\/\/ebp.org.br\/mg\/wp-json\/wp\/v2\/categories?post=3234"},{"taxonomy":"post_tag","embeddable":true,"href":"https:\/\/ebp.org.br\/mg\/wp-json\/wp\/v2\/tags?post=3234"},{"taxonomy":"post_series","embeddable":true,"href":"https:\/\/ebp.org.br\/mg\/wp-json\/wp\/v2\/post_series?post=3234"}],"curies":[{"name":"wp","href":"https:\/\/api.w.org\/{rel}","templated":true}]}}