{"id":3230,"date":"2020-11-07T07:02:35","date_gmt":"2020-11-07T10:02:35","guid":{"rendered":"http:\/\/ebp.org.br\/mg\/?p=3230"},"modified":"2020-11-07T07:02:35","modified_gmt":"2020-11-07T10:02:35","slug":"curinga-014","status":"publish","type":"post","link":"https:\/\/ebp.org.br\/mg\/curinga-014\/","title":{"rendered":"Curinga 014"},"content":{"rendered":"<h3><img loading=\"lazy\" decoding=\"async\" class=\"size-medium wp-image-3082 alignright\" src=\"http:\/\/ebp.org.br\/mg\/wp-content\/uploads\/2020\/10\/curinga014-223x300.jpg\" alt=\"\" width=\"223\" height=\"300\" \/>AUTOR<\/h3>\n<p>V\u00e1rios autores<\/p>\n<h3>N\u00daMERO \/ EDI\u00c7\u00c3O<\/h3>\n<p>14<\/p>\n<h3>ANO<\/h3>\n<p>2000<\/p>\n<p><strong>\u00a0<\/strong><\/p>\n<h3>SOBRE O LIVRO<\/h3>\n<h3>\u00cdNDICE<\/h3>\n<p>CURINGA 14<\/p>\n<p>&nbsp;<\/p>\n<p>APRESENTA\u00c7\u00c3O<\/p>\n<p>&nbsp;<\/p>\n<p>CL\u00cdNICA DAS PSICOSES<\/p>\n<p>10 Formas de desencadeamento<\/p>\n<p>Cristina Drummond<\/p>\n<p>18 Estabiliza\u00e7\u00f5es<\/p>\n<p>Elisa Alvarenga<\/p>\n<p>24 Forclus\u00e3o e fen\u00f4menos elementares<\/p>\n<p>M\u00e1rcia Rosa<\/p>\n<p>34 Coment\u00e1rio<\/p>\n<p>\u00c9ric Laurent<\/p>\n<p>&nbsp;<\/p>\n<p>FORCLUS\u00c3O<\/p>\n<p>46 Forclus\u00e3o: uma cena prim\u00e1ria \u00e9 imposta<\/p>\n<p>Simone Souto<\/p>\n<p>52 \u00cdndices de forclus\u00e3o &#8211; da fala \u00e0 escritura<\/p>\n<p>Henri Kaufmanner<\/p>\n<p>60 Forclus\u00e3o generalizada &#8211; Como \u00e9 poss\u00edvel n\u00e3o ser louco?<\/p>\n<p>Ant\u00f4nio Teixeira<\/p>\n<p>66 Coment\u00e1rio<\/p>\n<p>\u00c9ric Laurent<\/p>\n<p>70 Caro Fliess, h\u00e1 algo\u2026<\/p>\n<p>Gilson Iannini<\/p>\n<p>80 Notas sobre o fundamento cl\u00ednico da apresenta\u00e7\u00e3o de enfermos<\/p>\n<p>J\u00e9sus Santiago<\/p>\n<p>&nbsp;<\/p>\n<p>DESENCADEAMENTO<\/p>\n<p>86 Estudante de l\u00ednguas<\/p>\n<p>Helenice S. de Castro<\/p>\n<p>92 Perplexidade e enigma das psicoses<\/p>\n<p>H\u00e9lio Lauar<\/p>\n<p>100 Psicose Unplugged: os desligamentos do outro<\/p>\n<p>S\u00e9rgio Laia<\/p>\n<p>110 Coment\u00e1rio<\/p>\n<p>\u00c9ric Laurent<\/p>\n<p>&nbsp;<\/p>\n<p>ESTABILIZA\u00c7\u00c3O<\/p>\n<p>116 O caso Davi<\/p>\n<p>Frederico Z. Feu de Carvalho<\/p>\n<p>124 Entrela\u00e7amentos transferenciais nas psicoses<\/p>\n<p>Wellerson Alkmim<\/p>\n<p>132 As psicoses e seus destinos<\/p>\n<p>Ram Mandil<\/p>\n<p>140 Coment\u00e1rio<\/p>\n<p>\u00c9ric Laurent<\/p>\n<p>143 Ato her\u00f3ico ou aposta no sujeito?<\/p>\n<p>Frederico Z. Feu de Carvalho<\/p>\n<p>144 O escritur\u00e1rio das supl\u00eancias<\/p>\n<p>Cristiana M. R. Ferreira e Maria Rachel A. B. Tr\u00f3pia<\/p>\n<p>&nbsp;<\/p>\n<p>CONFER\u00caNCIAS DE ERIC LAURENT<\/p>\n<p>152 H\u00e1 algo de novo nas psicoses<\/p>\n<p>154 Psican\u00e1lise e Sa\u00fade Mental: a pr\u00e1tica feita por muitos<\/p>\n<p>176 O que as psicoses ensinam \u00e0 cl\u00ednica das neuroses<\/p>\n<p>&nbsp;<\/p>\n<p>PANORAMA DA PR\u00d3XIMA EDI\u00c7\u00c3O: O INCONSCIENTE INFANTIL<\/p>\n<p>190 Uma id\u00e9ia de fantasia<\/p>\n<p>Alexandre Stevens<\/p>\n<p>194 Uma interpreta\u00e7\u00e3o com valor de chiste<\/p>\n<p>Ana Figueir\u00f3 e Sandra Espinha<\/p>\n<p>&nbsp;<\/p>\n<p>&nbsp;<\/p>\n<p>Capa: Iole de Freitas. 0,56m x 0,51m x 0,41m. 1998. S\/ t\u00edtulo. Ferro e a\u00e7o. Acervo Galeria Celma Albuquerque<\/p>\n","protected":false},"excerpt":{"rendered":"<p>AUTOR V\u00e1rios autores N\u00daMERO \/ EDI\u00c7\u00c3O 14 ANO 2000 \u00a0 SOBRE O LIVRO \u00cdNDICE CURINGA 14 &nbsp; APRESENTA\u00c7\u00c3O &nbsp; CL\u00cdNICA DAS PSICOSES 10 Formas de desencadeamento Cristina Drummond 18 Estabiliza\u00e7\u00f5es Elisa Alvarenga 24 Forclus\u00e3o e fen\u00f4menos elementares M\u00e1rcia Rosa 34 Coment\u00e1rio \u00c9ric Laurent &nbsp; FORCLUS\u00c3O 46 Forclus\u00e3o: uma cena prim\u00e1ria \u00e9 imposta Simone Souto 52&hellip;<\/p>\n","protected":false},"author":1,"featured_media":0,"comment_status":"closed","ping_status":"closed","sticky":false,"template":"","format":"standard","meta":{"footnotes":""},"categories":[6],"tags":[],"post_series":[],"class_list":["post-3230","post","type-post","status-publish","format-standard","hentry","category-revista-curinga","entry","no-media"],"aioseo_notices":[],"_links":{"self":[{"href":"https:\/\/ebp.org.br\/mg\/wp-json\/wp\/v2\/posts\/3230","targetHints":{"allow":["GET"]}}],"collection":[{"href":"https:\/\/ebp.org.br\/mg\/wp-json\/wp\/v2\/posts"}],"about":[{"href":"https:\/\/ebp.org.br\/mg\/wp-json\/wp\/v2\/types\/post"}],"author":[{"embeddable":true,"href":"https:\/\/ebp.org.br\/mg\/wp-json\/wp\/v2\/users\/1"}],"replies":[{"embeddable":true,"href":"https:\/\/ebp.org.br\/mg\/wp-json\/wp\/v2\/comments?post=3230"}],"version-history":[{"count":0,"href":"https:\/\/ebp.org.br\/mg\/wp-json\/wp\/v2\/posts\/3230\/revisions"}],"wp:attachment":[{"href":"https:\/\/ebp.org.br\/mg\/wp-json\/wp\/v2\/media?parent=3230"}],"wp:term":[{"taxonomy":"category","embeddable":true,"href":"https:\/\/ebp.org.br\/mg\/wp-json\/wp\/v2\/categories?post=3230"},{"taxonomy":"post_tag","embeddable":true,"href":"https:\/\/ebp.org.br\/mg\/wp-json\/wp\/v2\/tags?post=3230"},{"taxonomy":"post_series","embeddable":true,"href":"https:\/\/ebp.org.br\/mg\/wp-json\/wp\/v2\/post_series?post=3230"}],"curies":[{"name":"wp","href":"https:\/\/api.w.org\/{rel}","templated":true}]}}