{"id":3224,"date":"2020-11-07T07:00:32","date_gmt":"2020-11-07T10:00:32","guid":{"rendered":"http:\/\/ebp.org.br\/mg\/?p=3224"},"modified":"2020-11-07T07:00:32","modified_gmt":"2020-11-07T10:00:32","slug":"curinga-011","status":"publish","type":"post","link":"https:\/\/ebp.org.br\/mg\/curinga-011\/","title":{"rendered":"Curinga 011"},"content":{"rendered":"<h3><img loading=\"lazy\" decoding=\"async\" class=\"size-medium wp-image-3079 alignright\" src=\"http:\/\/ebp.org.br\/mg\/wp-content\/uploads\/2020\/10\/curinga011-220x300.jpg\" alt=\"\" width=\"220\" height=\"300\" \/>AUTOR<\/h3>\n<p>V\u00e1rios autores<\/p>\n<h3>N\u00daMERO \/ EDI\u00c7\u00c3O<\/h3>\n<p>11<\/p>\n<h3>ANO<\/h3>\n<p>1998<\/p>\n<p><strong>\u00a0<\/strong><\/p>\n<h3>SOBRE O LIVRO<\/h3>\n<h3>\u00cdNDICE<\/h3>\n<p>CURINGA 11<\/p>\n<p>&nbsp;<\/p>\n<p>03 EDITORIAL<\/p>\n<p>Elisa Alvarenga<\/p>\n<p>&nbsp;<\/p>\n<p>04 APRESENTA\u00c7\u00c3O<\/p>\n<p>Elisa Alvarenga<\/p>\n<p>&nbsp;<\/p>\n<p>05 As formas de desencontros: segrega\u00e7\u00e3o, solid\u00e3o, amor<\/p>\n<p>Fran\u00e7ois Leguil<\/p>\n<p>45 A inexist\u00eancia do Outro em nosso mundo contempor\u00e2neo<\/p>\n<p>S\u00e9rgio de Castro<\/p>\n<p>&nbsp;<\/p>\n<p>SEGREGA\u00c7\u00c3O<\/p>\n<p>47 Graffit, sintoma, segrega\u00e7\u00e3o<\/p>\n<p>S\u00e9rgio de Mattos<\/p>\n<p>51 Sintomas do mundo moderno<\/p>\n<p>Marina Caldas Teixeira<\/p>\n<p>58 Inf\u00e2ncia e segrega\u00e7\u00e3o: quando o saber diagnostica o acesso \u00e0 escrita como fracasso<\/p>\n<p>Ana Lydia Bezerra Santiago<\/p>\n<p>62 A segrega\u00e7\u00e3o do idoso e o discurso anal\u00edtico<\/p>\n<p>\u00c2ngela Maria de Souza Mucida<\/p>\n<p>66 Esquizofrenia e segrega\u00e7\u00e3o<\/p>\n<p>Frederico Zeymer Feu de Carvalho<\/p>\n<p>69 A segrega\u00e7\u00e3o na sa\u00fade-mental<\/p>\n<p>Helenice S. de Castro<\/p>\n<p>73 \u201cSyster my Sister\u201d: o filme duplo crime das Irm\u00e3s Papin<\/p>\n<p>Ant\u00f4nio Benetti<\/p>\n<p>80 O nazista e o barroco<\/p>\n<p>S\u00e9rgio de Castro<\/p>\n<p>&nbsp;<\/p>\n<p>SOLID\u00c3O<\/p>\n<p>82 A solid\u00e3o feminina<\/p>\n<p>Elisa Alvarenga<\/p>\n<p>85 A crian\u00e7a sintoma. Uma crian\u00e7a \u00e9 sintoma porque Denise est\u00e1 chamando<\/p>\n<p>Cristina Vidigal<\/p>\n<p>88 Encontro com um olhar<\/p>\n<p>\u00c2ngela Maria Diniz Costa<\/p>\n<p>94 O autista, o ovo e a solid\u00e3o<\/p>\n<p>Oscar Cirino<\/p>\n<p>98 Solid\u00e3o de uma telespectadora<\/p>\n<p>Fernando Teixeira Grossi<\/p>\n<p>&nbsp;<\/p>\n<p>Capa: Rede Marketing Comunica\u00e7\u00e3o Ltda<\/p>\n","protected":false},"excerpt":{"rendered":"<p>AUTOR V\u00e1rios autores N\u00daMERO \/ EDI\u00c7\u00c3O 11 ANO 1998 \u00a0 SOBRE O LIVRO \u00cdNDICE CURINGA 11 &nbsp; 03 EDITORIAL Elisa Alvarenga &nbsp; 04 APRESENTA\u00c7\u00c3O Elisa Alvarenga &nbsp; 05 As formas de desencontros: segrega\u00e7\u00e3o, solid\u00e3o, amor Fran\u00e7ois Leguil 45 A inexist\u00eancia do Outro em nosso mundo contempor\u00e2neo S\u00e9rgio de Castro &nbsp; SEGREGA\u00c7\u00c3O 47 Graffit, sintoma, segrega\u00e7\u00e3o&hellip;<\/p>\n","protected":false},"author":1,"featured_media":0,"comment_status":"closed","ping_status":"closed","sticky":false,"template":"","format":"standard","meta":{"footnotes":""},"categories":[6],"tags":[],"post_series":[],"class_list":["post-3224","post","type-post","status-publish","format-standard","hentry","category-revista-curinga","entry","no-media"],"aioseo_notices":[],"_links":{"self":[{"href":"https:\/\/ebp.org.br\/mg\/wp-json\/wp\/v2\/posts\/3224","targetHints":{"allow":["GET"]}}],"collection":[{"href":"https:\/\/ebp.org.br\/mg\/wp-json\/wp\/v2\/posts"}],"about":[{"href":"https:\/\/ebp.org.br\/mg\/wp-json\/wp\/v2\/types\/post"}],"author":[{"embeddable":true,"href":"https:\/\/ebp.org.br\/mg\/wp-json\/wp\/v2\/users\/1"}],"replies":[{"embeddable":true,"href":"https:\/\/ebp.org.br\/mg\/wp-json\/wp\/v2\/comments?post=3224"}],"version-history":[{"count":0,"href":"https:\/\/ebp.org.br\/mg\/wp-json\/wp\/v2\/posts\/3224\/revisions"}],"wp:attachment":[{"href":"https:\/\/ebp.org.br\/mg\/wp-json\/wp\/v2\/media?parent=3224"}],"wp:term":[{"taxonomy":"category","embeddable":true,"href":"https:\/\/ebp.org.br\/mg\/wp-json\/wp\/v2\/categories?post=3224"},{"taxonomy":"post_tag","embeddable":true,"href":"https:\/\/ebp.org.br\/mg\/wp-json\/wp\/v2\/tags?post=3224"},{"taxonomy":"post_series","embeddable":true,"href":"https:\/\/ebp.org.br\/mg\/wp-json\/wp\/v2\/post_series?post=3224"}],"curies":[{"name":"wp","href":"https:\/\/api.w.org\/{rel}","templated":true}]}}