{"id":3220,"date":"2020-11-07T06:59:21","date_gmt":"2020-11-07T09:59:21","guid":{"rendered":"http:\/\/ebp.org.br\/mg\/?p=3220"},"modified":"2020-11-07T06:59:21","modified_gmt":"2020-11-07T09:59:21","slug":"curinga-009","status":"publish","type":"post","link":"https:\/\/ebp.org.br\/mg\/curinga-009\/","title":{"rendered":"Curinga 009"},"content":{"rendered":"<h3><img loading=\"lazy\" decoding=\"async\" class=\"size-medium wp-image-3077 alignright\" src=\"http:\/\/ebp.org.br\/mg\/wp-content\/uploads\/2020\/10\/curinga009-222x300.jpg\" alt=\"\" width=\"222\" height=\"300\" \/>AUTOR<\/h3>\n<p>V\u00e1rios autores<\/p>\n<h3>N\u00daMERO \/ EDI\u00c7\u00c3O<\/h3>\n<p>9<\/p>\n<h3>ANO<\/h3>\n<p>1997<\/p>\n<p><strong>\u00a0<\/strong><\/p>\n<h3>SOBRE O LIVRO<\/h3>\n<h3>\u00cdNDICE<\/h3>\n<p>CURINGA 9<\/p>\n<p>&nbsp;<\/p>\n<p>03 EDITORIAL<\/p>\n<p>J\u00e9sus Santiago<\/p>\n<p>&nbsp;<\/p>\n<p>MASCULINO E A QUEST\u00c3O PATERNA<\/p>\n<p>07 Em nome do pai<\/p>\n<p>Marina Caldas<\/p>\n<p>15 Nem s\u00f3 de pai vive o homem<\/p>\n<p>Henri Kaufmanner<\/p>\n<p>18 Histeria masculina: um \u201cempuxe-a-Tir\u00e9sias&#8221;<\/p>\n<p>Sandra Espinha<\/p>\n<p>22 O masculino e o al\u00e9m do \u00c9dipo<\/p>\n<p>M\u00e1rcia Rosa<\/p>\n<p>26 A Paternidade como Enigma<\/p>\n<p>Luiz Henrique Vidigal<\/p>\n<p>32 Bom dia, enigma!<\/p>\n<p>S\u00e9rgio de Campos<\/p>\n<p>35 O masculino e a quest\u00e3o paterna<\/p>\n<p>Ant\u00f4nio Carlos Ferreira<\/p>\n<p>&nbsp;<\/p>\n<p>A SEXUA\u00c7\u00c3O MASCULINA E O FALO<\/p>\n<p>38 O mascarado viril<\/p>\n<p>J\u00e9sus Santiago<\/p>\n<p>42 Tornar-se homem<\/p>\n<p>Suzana Sp\u00ednola<\/p>\n<p>45 Histeria: posi\u00e7\u00e3o masculina?<\/p>\n<p>Elisa Alvarenga<\/p>\n<p>47 \u201cMas o que \u00e9 isso?\u201d<\/p>\n<p>Ana Maria Figueir\u00f3<\/p>\n<p>52 \u201cO vestido \u00e9 o v\u00e9u &#8211; enigmas da condi\u00e7\u00e3o masculina&#8221;<\/p>\n<p>Martha Goyat\u00e1<\/p>\n<p>56 A virilidade<\/p>\n<p>Cristina Drumond<\/p>\n<p>61 \u201cConsidera\u00e7\u00f5es sobre os enigmas do masculino\u201d<\/p>\n<p>Fernando Grossi<\/p>\n<p>&nbsp;<\/p>\n<p>A L\u00d3GICA DA FANTASIA E O GOZO MASCULINO<\/p>\n<p>65 O homem inibido<\/p>\n<p>Ana Lydia Santiago<\/p>\n<p>69 Andr\u00e9 Gide para os enigmas masculinos<\/p>\n<p>Cristina Vidigal<\/p>\n<p>72 O decl\u00ednio do viril e o homem pelo avesso<\/p>\n<p>S\u00e9rgio de Mattos<\/p>\n<p>77 A Transfer\u00eancia e o Sintoma<\/p>\n<p>Samyra Assad<\/p>\n<p>83 Quando uma mulher \u00e9 sintoma para o homem<\/p>\n<p>Rita de C\u00e1ssia Fagundes Mota<\/p>\n<p>86 Ser homem e mulher: eis a quest\u00e3o<\/p>\n<p>Welersom Alkimim<\/p>\n<p>&nbsp;<\/p>\n<p>AS NOVAS FORMAS DO SINTOMA E L\u00d3GICA DA VIDA AMOROSA<\/p>\n<p>90 Imagens Perigosas<\/p>\n<p>Ludmila F. Faria e Maria Jos\u00e9 Salum<\/p>\n<p>93 Lenha na Fogueira<\/p>\n<p>Maria Helena Barcelos Ratton<\/p>\n<p>96 \u201cA mulher sem pecado\u201d<\/p>\n<p>Sandra Maria Costa Viola<\/p>\n<p>99 \u201cOs Enigmas da Enamora\u00e7\u00e3o\u201d<\/p>\n<p>In\u00eas Maria de Abreu Seabra<\/p>\n<p>102 Uma verdadeira mulher<\/p>\n<p>L\u00facia Maria de Lima Mello<\/p>\n<p>&nbsp;<\/p>\n<p>O OUTRO SEXO: ENIGMAS DO MASCULINO<\/p>\n<p>105 Bancar o homem<\/p>\n<p>\u00c2ngela Maria Diniz Costa e Cristiana C. P. de Mattos<\/p>\n<p>110 \u201cUma lembran\u00e7a de inf\u00e2ncia: o enigma do amor em Leonardo da Vinci\u201d<\/p>\n<p>Cristiane Saude Barreto Napoli<\/p>\n<p>114 Outro Sexo: Enigmas do Masculino<\/p>\n<p>Helenice S. de Castro<\/p>\n<p>117 O Chiste: Uma poss\u00edvel rela\u00e7\u00e3o com o masculino<\/p>\n<p>Maria Aparecida Farage Os\u00f3rio<\/p>\n<p>120 Do enigma ao c\u00f4mico<\/p>\n<p>Celso Renn\u00f3<\/p>\n<p>&nbsp;<\/p>\n<p>OS SINTOMAS DO MASCULINO<\/p>\n<p>123 Papai, mam\u00e3e, a bab\u00e1 e eu<\/p>\n<p>Bernard Nomin\u00e9<\/p>\n<p>&nbsp;<\/p>\n<p>OS ENIGMAS DO MASCULINO<\/p>\n<p>132 Os enigmas do masculino<\/p>\n<p>Pierre Bruno<\/p>\n<p>138 A histeria masculina<\/p>\n<p>Pierre Bruno<\/p>\n<p>&nbsp;<\/p>\n<p>146 Rumo \u00e0 3\u00aa Jornada da E.P.B: Se\u00e7\u00e3o Minas Gerais<\/p>\n<p>S\u00e9rgio de Castro<\/p>\n<p>&nbsp;<\/p>\n<p>&nbsp;<\/p>\n<p>Projeto gr\u00e1fico, capa e produ\u00e7\u00e3o: Evil\u00e1sio Gonzaga e Pedro Miranda<\/p>\n","protected":false},"excerpt":{"rendered":"<p>AUTOR V\u00e1rios autores N\u00daMERO \/ EDI\u00c7\u00c3O 9 ANO 1997 \u00a0 SOBRE O LIVRO \u00cdNDICE CURINGA 9 &nbsp; 03 EDITORIAL J\u00e9sus Santiago &nbsp; MASCULINO E A QUEST\u00c3O PATERNA 07 Em nome do pai Marina Caldas 15 Nem s\u00f3 de pai vive o homem Henri Kaufmanner 18 Histeria masculina: um \u201cempuxe-a-Tir\u00e9sias&#8221; Sandra Espinha 22 O masculino e&hellip;<\/p>\n","protected":false},"author":1,"featured_media":0,"comment_status":"closed","ping_status":"closed","sticky":false,"template":"","format":"standard","meta":{"footnotes":""},"categories":[6],"tags":[],"post_series":[],"class_list":["post-3220","post","type-post","status-publish","format-standard","hentry","category-revista-curinga","entry","no-media"],"aioseo_notices":[],"_links":{"self":[{"href":"https:\/\/ebp.org.br\/mg\/wp-json\/wp\/v2\/posts\/3220","targetHints":{"allow":["GET"]}}],"collection":[{"href":"https:\/\/ebp.org.br\/mg\/wp-json\/wp\/v2\/posts"}],"about":[{"href":"https:\/\/ebp.org.br\/mg\/wp-json\/wp\/v2\/types\/post"}],"author":[{"embeddable":true,"href":"https:\/\/ebp.org.br\/mg\/wp-json\/wp\/v2\/users\/1"}],"replies":[{"embeddable":true,"href":"https:\/\/ebp.org.br\/mg\/wp-json\/wp\/v2\/comments?post=3220"}],"version-history":[{"count":0,"href":"https:\/\/ebp.org.br\/mg\/wp-json\/wp\/v2\/posts\/3220\/revisions"}],"wp:attachment":[{"href":"https:\/\/ebp.org.br\/mg\/wp-json\/wp\/v2\/media?parent=3220"}],"wp:term":[{"taxonomy":"category","embeddable":true,"href":"https:\/\/ebp.org.br\/mg\/wp-json\/wp\/v2\/categories?post=3220"},{"taxonomy":"post_tag","embeddable":true,"href":"https:\/\/ebp.org.br\/mg\/wp-json\/wp\/v2\/tags?post=3220"},{"taxonomy":"post_series","embeddable":true,"href":"https:\/\/ebp.org.br\/mg\/wp-json\/wp\/v2\/post_series?post=3220"}],"curies":[{"name":"wp","href":"https:\/\/api.w.org\/{rel}","templated":true}]}}