{"id":3218,"date":"2020-11-07T06:58:42","date_gmt":"2020-11-07T09:58:42","guid":{"rendered":"http:\/\/ebp.org.br\/mg\/?p=3218"},"modified":"2020-11-07T06:58:42","modified_gmt":"2020-11-07T09:58:42","slug":"curinga-008","status":"publish","type":"post","link":"https:\/\/ebp.org.br\/mg\/curinga-008\/","title":{"rendered":"Curinga 008"},"content":{"rendered":"<h3><img loading=\"lazy\" decoding=\"async\" class=\"alignright size-medium wp-image-3076\" src=\"http:\/\/ebp.org.br\/mg\/wp-content\/uploads\/2020\/10\/curinga008-216x300.jpg\" alt=\"\" width=\"216\" height=\"300\" \/>AUTOR<\/h3>\n<p>V\u00e1rios autores<\/p>\n<h3>N\u00daMERO \/ EDI\u00c7\u00c3O<\/h3>\n<p>#8<\/p>\n<h3>ANO<\/h3>\n<p>1996<\/p>\n<p><strong>\u00a0<\/strong><\/p>\n<h3>SOBRE O LIVRO<\/h3>\n<h3>\u00cdNDICE<\/h3>\n<p>CURINGA 8<\/p>\n<p>&nbsp;<\/p>\n<p>EDITORIAL<\/p>\n<p>05 O homem e o decl\u00ednio do viril<\/p>\n<p>S\u00e9rgio de Mattos<\/p>\n<p>&nbsp;<\/p>\n<p>CARTAS NA MESA<\/p>\n<p>07 Posse<\/p>\n<p>Francisco Paes Barreto<\/p>\n<p>08 Cart\u00e9is a c\u00e9u aberto<\/p>\n<p>L\u00e1zaro Elias Rosa<\/p>\n<p>09 As quatro posi\u00e7\u00f5es subjetivas na produ\u00e7\u00e3o do saber psicanal\u00edtico<\/p>\n<p>Jorge Forbes<\/p>\n<p>12 As bandeirinhas<\/p>\n<p>Jorge Forbes<\/p>\n<p>&nbsp;<\/p>\n<p>ENIGMAS DO MASCULINO<\/p>\n<p>14 E o homem existe na era do decl\u00ednio do viril<\/p>\n<p>J\u00e9sus Santiago<\/p>\n<p>17 O \u00c9dipo faz o homem<\/p>\n<p>M\u00e1rcia Rosa<\/p>\n<p>22 \u201cOs enigmas do masculino\u201d do enigma ao c\u00f4mico<\/p>\n<p>Celso Renn\u00f3 Lima<\/p>\n<p>27 Hamlet, \u00c9dipo e o enigma<\/p>\n<p>S\u00e9rgio de Castro<\/p>\n<p>30 Uma mulher, um homem, o arrebatamento, poesia<\/p>\n<p>Pierre Bruno<\/p>\n<p>&nbsp;<\/p>\n<p>N\u00daCLEOS DE PESQUISA<\/p>\n<p>38 N\u00facleos de Pesquisa sobre psican\u00e1lise e toxicomania:<\/p>\n<p>39 A inibi\u00e7\u00e3o<\/p>\n<p>Fernando Teixeira Grossi<\/p>\n<p>48 Inibi\u00e7\u00e3o e ato da cl\u00ednica das toxicomanias<\/p>\n<p>Cristina Sandra Pinelli Nogueira<\/p>\n<p>51 N\u00facleo de Pesquisa em psican\u00e1lise e medicina:<\/p>\n<p>52 A psicossom\u00e1tica: impasses do corpo<\/p>\n<p>Maria Aparecida Farage Os\u00f3rio<\/p>\n<p>54 Existe um sujeito psicossom\u00e1tico<\/p>\n<p>L\u00facia Maria de Lima Mello<\/p>\n<p>56 \u201cA les\u00e3o psicossom\u00e1tica n\u00e3o \u00e9 filha do significante &#8211; nome do pai\u201d<\/p>\n<p>S\u00e9rgio P. R. de Campos<\/p>\n<p>59 N\u00facleo de Pesquisa em psican\u00e1lise com crian\u00e7as:<\/p>\n<p>60 A psican\u00e1lise em face da familiariza\u00e7\u00e3o do mundo &#8211; passos para uma<\/p>\n<p>investiga\u00e7\u00e3o sobre a fam\u00edlia<\/p>\n<p>Ana Lydia Santiago e J\u00e9sus Santiago<\/p>\n<p>&nbsp;<\/p>\n<p>GALERIA<\/p>\n<p>Duas notas sobre Jenny Aubry, Oscar Cirino<\/p>\n<p>&nbsp;<\/p>\n<p>BIBLIOTECA<\/p>\n<p>A palavra oracular entre os gregos, Jacynto Lins Brand\u00e3o<\/p>\n<p>&nbsp;<\/p>\n<p>SE\u00c7\u00c3O CL\u00cdNICA<\/p>\n<p>Cair ou des-ser, Patr\u00edcia Maria Teixeira da Costa Ribeiro<\/p>\n<p>A interpreta\u00e7\u00e3o zero, Cristina Drummond<\/p>\n<p>A abertura da interpreta\u00e7\u00e3o, Cristiana Pitella de Mattos<\/p>\n<p>Sobre a fun\u00e7\u00e3o de Tir\u00e9sias, Ana Maria Costa Lino Figueir\u00f3<\/p>\n<p>Sonho e interpreta\u00e7\u00e3o, Suzana Barroso Sp\u00ednola<\/p>\n<p>&nbsp;<\/p>\n<p>MAIS AINDA<\/p>\n<p>Kak\u00f3n e a passagem ao ato na psicose, Antonio Beneti<\/p>\n<p>Algumas considera\u00e7\u00f5es sobre o conceito de sujeito em Lacan, Lilany Vieira Pacheco<\/p>\n<p>\u00c9dipo: puls\u00e3o e destino, In\u00eas Maria Seabra de Abreu Rocha<\/p>\n<p>&nbsp;<\/p>\n<p>OS PODERES DA PALAVRA<\/p>\n<p>Resson\u00e2ncias no IX Encontro<\/p>\n<p>&nbsp;<\/p>\n<p>CONEX\u00d5ES INTERNACIONAIS<\/p>\n<p>Entrevista com Pierre Bruno<\/p>\n<p>Breves respostas a algumas perguntas<\/p>\n<p>Apresenta\u00e7\u00e3o de BARCA!<\/p>\n<p>A fam\u00edlia, o decl\u00ednio da paternidade e o decl\u00ednio da virilidade, Alexandre Stevens<\/p>\n<p>Entrevista com Ernesto Sinatra<\/p>\n<p>A AIDS e o sabe, Danielle Silvestre<\/p>\n","protected":false},"excerpt":{"rendered":"<p>AUTOR V\u00e1rios autores N\u00daMERO \/ EDI\u00c7\u00c3O #8 ANO 1996 \u00a0 SOBRE O LIVRO \u00cdNDICE CURINGA 8 &nbsp; EDITORIAL 05 O homem e o decl\u00ednio do viril S\u00e9rgio de Mattos &nbsp; CARTAS NA MESA 07 Posse Francisco Paes Barreto 08 Cart\u00e9is a c\u00e9u aberto L\u00e1zaro Elias Rosa 09 As quatro posi\u00e7\u00f5es subjetivas na produ\u00e7\u00e3o do saber&hellip;<\/p>\n","protected":false},"author":1,"featured_media":0,"comment_status":"closed","ping_status":"closed","sticky":false,"template":"","format":"standard","meta":{"footnotes":""},"categories":[6],"tags":[],"post_series":[],"class_list":["post-3218","post","type-post","status-publish","format-standard","hentry","category-revista-curinga","entry","no-media"],"aioseo_notices":[],"_links":{"self":[{"href":"https:\/\/ebp.org.br\/mg\/wp-json\/wp\/v2\/posts\/3218","targetHints":{"allow":["GET"]}}],"collection":[{"href":"https:\/\/ebp.org.br\/mg\/wp-json\/wp\/v2\/posts"}],"about":[{"href":"https:\/\/ebp.org.br\/mg\/wp-json\/wp\/v2\/types\/post"}],"author":[{"embeddable":true,"href":"https:\/\/ebp.org.br\/mg\/wp-json\/wp\/v2\/users\/1"}],"replies":[{"embeddable":true,"href":"https:\/\/ebp.org.br\/mg\/wp-json\/wp\/v2\/comments?post=3218"}],"version-history":[{"count":0,"href":"https:\/\/ebp.org.br\/mg\/wp-json\/wp\/v2\/posts\/3218\/revisions"}],"wp:attachment":[{"href":"https:\/\/ebp.org.br\/mg\/wp-json\/wp\/v2\/media?parent=3218"}],"wp:term":[{"taxonomy":"category","embeddable":true,"href":"https:\/\/ebp.org.br\/mg\/wp-json\/wp\/v2\/categories?post=3218"},{"taxonomy":"post_tag","embeddable":true,"href":"https:\/\/ebp.org.br\/mg\/wp-json\/wp\/v2\/tags?post=3218"},{"taxonomy":"post_series","embeddable":true,"href":"https:\/\/ebp.org.br\/mg\/wp-json\/wp\/v2\/post_series?post=3218"}],"curies":[{"name":"wp","href":"https:\/\/api.w.org\/{rel}","templated":true}]}}