{"id":3214,"date":"2020-11-07T06:54:15","date_gmt":"2020-11-07T09:54:15","guid":{"rendered":"http:\/\/ebp.org.br\/mg\/?p=3214"},"modified":"2020-11-07T06:54:15","modified_gmt":"2020-11-07T09:54:15","slug":"curinga-007","status":"publish","type":"post","link":"https:\/\/ebp.org.br\/mg\/curinga-007\/","title":{"rendered":"Curinga 007"},"content":{"rendered":"<h3><img loading=\"lazy\" decoding=\"async\" class=\"size-medium wp-image-3075 alignright\" src=\"http:\/\/ebp.org.br\/mg\/wp-content\/uploads\/2020\/10\/curinga007-219x300.jpg\" alt=\"\" width=\"219\" height=\"300\" \/>AUTOR<\/h3>\n<p>V\u00e1rios autores<\/p>\n<h3>N\u00daMERO \/ EDI\u00c7\u00c3O<\/h3>\n<p>7<\/p>\n<h3>ANO<\/h3>\n<p>1996<\/p>\n<p><strong>\u00a0<\/strong><\/p>\n<h3>SOBRE O LIVRO<\/h3>\n<h3>\u00cdNDICE<\/h3>\n<p>CURINGA 7<\/p>\n<p>&nbsp;<\/p>\n<p>05 APRESENTA\u00c7\u00c3O<\/p>\n<p>Celso Renn\u00f3 Lima<\/p>\n<p>&nbsp;<\/p>\n<p>EDITORIAL<\/p>\n<p>07 \u201cIsto n\u00e3o \u00e9 um cachimbo\u201d ou a cita\u00e7\u00e3o paradoxal de Ren\u00e9 Magritte<\/p>\n<p>J\u00e9sus Santiago<\/p>\n<p>&nbsp;<\/p>\n<p>O LUGAR DA INTERPRETA\u00c7\u00c3O HOJE<\/p>\n<p>09 O lugar da interpreta\u00e7\u00e3o hoje<\/p>\n<p>Ram Avraham Mandil<\/p>\n<p>10 Interpreta\u00e7\u00e3o e sem\u00e2ntica do gozo<\/p>\n<p>J\u00e9sus Santiago<\/p>\n<p>&nbsp;<\/p>\n<p>QUANDO O CARTEL INTERPRETA A INSTITUI\u00c7\u00c3O<\/p>\n<p>16 Cartel e interpreta\u00e7\u00e3o<\/p>\n<p>Oscar Cirino<\/p>\n<p>17 Quando o cartel interpreta a institui\u00e7\u00e3o<\/p>\n<p>C\u00e9lio Garcia<\/p>\n<p>21 Cartel, um dispositivo interpretante<\/p>\n<p>L\u00e1zaro Elias Rosa<\/p>\n<p>&nbsp;<\/p>\n<p>O DESEJO \u00c9 SUA INTERPRETA\u00c7\u00c3O<\/p>\n<p>25 Um sonho que interpreta<\/p>\n<p>Cristina Drummond<\/p>\n<p>28 Dire\u00e7\u00f5es da Interpreta\u00e7\u00e3o<\/p>\n<p>M\u00e1rcia Rosa<\/p>\n<p>32 O desejo \u00e9 sua interpreta\u00e7\u00e3o: a interpreta\u00e7\u00e3o do sonho depois de Lacan<\/p>\n<p>Maria Rita O. Guimar\u00e3es<\/p>\n<p>&nbsp;<\/p>\n<p>LIMITES DA INTERPRETA\u00c7\u00c3O<\/p>\n<p>34 Um limite da interpreta\u00e7\u00e3o: a transfer\u00eancia<\/p>\n<p>Elisa Alvarenga<\/p>\n<p>37 O dizer: esse limite<\/p>\n<p>Maria Aparecida Farage Os\u00f3rio<\/p>\n<p>39 Limites da interpreta\u00e7\u00e3o: um recorte entre o jogo com o equ\u00edvoco e o deciframento do inconsciente<\/p>\n<p>Marina Caldas Teixeira<\/p>\n<p>&nbsp;<\/p>\n<p>INTERPRETA\u00c7\u00c3O E ENTRADA EM AN\u00c1LISE<\/p>\n<p>43 A interpreta\u00e7\u00e3o da entrada em an\u00e1lise<\/p>\n<p>Cristiana Pittella de Mattos<\/p>\n<p>46 A interpreta\u00e7\u00e3o no caso de Hans<\/p>\n<p>Suzana Barroso Sp\u00ednola<\/p>\n<ul>\n<li>49 Interpreta\u00e7\u00e3o e entrada em an\u00e1lise<\/li>\n<\/ul>\n<p>Sandra Maria Espinha Oliveira<\/p>\n<p>&nbsp;<\/p>\n<p>A INTERPRETA\u00c7\u00c3O DELIRANTE<\/p>\n<p>53 Enigma e interpreta\u00e7\u00e3o delirante<\/p>\n<p>Antonio Beneti<\/p>\n<p>56 Interpreta\u00e7\u00e3o delirante e interpreta\u00e7\u00e3o psicanal\u00edtica<\/p>\n<p>Francisco Paes Barreto<\/p>\n<p>58 O sinal dos tempos<\/p>\n<p>H\u00e9lio Lauar<\/p>\n<p>&nbsp;<\/p>\n<p>INTERPRETA-SE A TRANSFER\u00caNCIA?<\/p>\n<p>61 Interpreta-se a transfer\u00eancia?<\/p>\n<p>S\u00e9rgio Laia<\/p>\n<p>62 Interpreta-se a transfer\u00eancia?<\/p>\n<p>Fernando Teixeira Grossi<\/p>\n<p>64 Transfer\u00eancia e interpreta\u00e7\u00e3o<\/p>\n<p>S\u00e9rgio de Mattos<\/p>\n<p>67 Interpreta-se a Transfer\u00eancia? Uma quest\u00e3o a partir da presen\u00e7a do analista<\/p>\n<p>Simone Oliveira Souto<\/p>\n<p>&nbsp;<\/p>\n<p>O SIL\u00caNCIO DO ANALISTA<\/p>\n<p>70 A \u00e9tica do sil\u00eancio<\/p>\n<p>Ana Lydia B. Santiago<\/p>\n<p>74 Do mal entendido \u00e0 flor da pele<\/p>\n<p>Samyra Assad<\/p>\n<p>78 A interpreta\u00e7\u00e3o alusiva<\/p>\n<p>S\u00e9rgio de Castro<\/p>\n<p>&nbsp;<\/p>\n<p>N\u00c3O H\u00c1 FINAL DE AN\u00c1LISE SEM INTERPRETA\u00c7\u00c3O<\/p>\n<p>79 N\u00e3o h\u00e1 final de an\u00e1lise sem interpreta\u00e7\u00e3o<\/p>\n<p>\u00c2ngela Maria Diniz Costa<\/p>\n<p>81 A interpreta\u00e7\u00e3o e o final de an\u00e1lise<\/p>\n<p>Celso Renn\u00f3 Lima<\/p>\n<p>84 N\u00e3o h\u00e1 final de an\u00e1lise sem interpreta\u00e7\u00e3o<\/p>\n<p>Romildo do R\u00eago Barros<\/p>\n<p>&nbsp;<\/p>\n<p>CONEX\u00c3O INTERNACIONAL<\/p>\n<p>88 A interpreta\u00e7\u00e3o: \u201cApof\u00e2ntica&#8221; e &#8220;Oracular\u201d<\/p>\n<p>St\u00e9phanie Gilet-Le Bon<\/p>\n<p>92 O objeto da Psican\u00e1lise, os matemas, os objetos matem\u00e1ticos<\/p>\n<p>Ren\u00e9 Guitart<\/p>\n<p>&nbsp;<\/p>\n<p>CONEX\u00d5ES<\/p>\n<p>100 Em vez de um, dois<\/p>\n<p>C\u00e9lio Garcia<\/p>\n<p>104 A l\u00f3gica especular: formula\u00e7\u00e3o de quest\u00f5es de interesse para a Psican\u00e1lise<\/p>\n<p>C\u00e9lio Garcia<\/p>\n<p>&nbsp;<\/p>\n<p>&nbsp;<\/p>\n<p>&nbsp;<\/p>\n","protected":false},"excerpt":{"rendered":"<p>AUTOR V\u00e1rios autores N\u00daMERO \/ EDI\u00c7\u00c3O 7 ANO 1996 \u00a0 SOBRE O LIVRO \u00cdNDICE CURINGA 7 &nbsp; 05 APRESENTA\u00c7\u00c3O Celso Renn\u00f3 Lima &nbsp; EDITORIAL 07 \u201cIsto n\u00e3o \u00e9 um cachimbo\u201d ou a cita\u00e7\u00e3o paradoxal de Ren\u00e9 Magritte J\u00e9sus Santiago &nbsp; O LUGAR DA INTERPRETA\u00c7\u00c3O HOJE 09 O lugar da interpreta\u00e7\u00e3o hoje Ram Avraham Mandil 10&hellip;<\/p>\n","protected":false},"author":1,"featured_media":0,"comment_status":"closed","ping_status":"closed","sticky":false,"template":"","format":"standard","meta":{"footnotes":""},"categories":[6],"tags":[],"post_series":[],"class_list":["post-3214","post","type-post","status-publish","format-standard","hentry","category-revista-curinga","entry","no-media"],"aioseo_notices":[],"_links":{"self":[{"href":"https:\/\/ebp.org.br\/mg\/wp-json\/wp\/v2\/posts\/3214","targetHints":{"allow":["GET"]}}],"collection":[{"href":"https:\/\/ebp.org.br\/mg\/wp-json\/wp\/v2\/posts"}],"about":[{"href":"https:\/\/ebp.org.br\/mg\/wp-json\/wp\/v2\/types\/post"}],"author":[{"embeddable":true,"href":"https:\/\/ebp.org.br\/mg\/wp-json\/wp\/v2\/users\/1"}],"replies":[{"embeddable":true,"href":"https:\/\/ebp.org.br\/mg\/wp-json\/wp\/v2\/comments?post=3214"}],"version-history":[{"count":0,"href":"https:\/\/ebp.org.br\/mg\/wp-json\/wp\/v2\/posts\/3214\/revisions"}],"wp:attachment":[{"href":"https:\/\/ebp.org.br\/mg\/wp-json\/wp\/v2\/media?parent=3214"}],"wp:term":[{"taxonomy":"category","embeddable":true,"href":"https:\/\/ebp.org.br\/mg\/wp-json\/wp\/v2\/categories?post=3214"},{"taxonomy":"post_tag","embeddable":true,"href":"https:\/\/ebp.org.br\/mg\/wp-json\/wp\/v2\/tags?post=3214"},{"taxonomy":"post_series","embeddable":true,"href":"https:\/\/ebp.org.br\/mg\/wp-json\/wp\/v2\/post_series?post=3214"}],"curies":[{"name":"wp","href":"https:\/\/api.w.org\/{rel}","templated":true}]}}