{"id":3211,"date":"2020-11-07T06:53:14","date_gmt":"2020-11-07T09:53:14","guid":{"rendered":"http:\/\/ebp.org.br\/mg\/?p=3211"},"modified":"2020-11-07T06:53:14","modified_gmt":"2020-11-07T09:53:14","slug":"curinga-006","status":"publish","type":"post","link":"https:\/\/ebp.org.br\/mg\/curinga-006\/","title":{"rendered":"Curinga 006"},"content":{"rendered":"<h3><img loading=\"lazy\" decoding=\"async\" class=\"alignright size-medium wp-image-3074\" src=\"http:\/\/ebp.org.br\/mg\/wp-content\/uploads\/2020\/10\/curinga006-206x300.jpg\" alt=\"\" width=\"206\" height=\"300\" \/>AUTOR<\/h3>\n<p>V\u00e1rios autores<\/p>\n<h3>N\u00daMERO \/ EDI\u00c7\u00c3O<\/h3>\n<p>6<\/p>\n<h3>ANO<\/h3>\n<p>1995<\/p>\n<p><strong>\u00a0<\/strong><\/p>\n<h3>SOBRE O LIVRO<\/h3>\n<h3>\u00cdNDICE<\/h3>\n<p>CURINGA 6<\/p>\n<p>&nbsp;<\/p>\n<p>EDITORIAL<\/p>\n<p>03 A interpreta\u00e7\u00e3o da entrada<\/p>\n<p>Elisa Alvarenga<\/p>\n<p>&nbsp;<\/p>\n<p>CARTAS NA MESA<\/p>\n<p>04 Sob a \u00d3tica do Passante<\/p>\n<p>S\u00e9rgio de Campos<\/p>\n<p>05 Notas sobre o \u201cmais-um\u201d no pensamento de Lacan<\/p>\n<p>Paulo N. Scarpa<\/p>\n<p>08 De um funcionamento \u00e9tico: o cartel<\/p>\n<p>Samyra Assad<\/p>\n<p>&nbsp;<\/p>\n<p>INTERPRETA\u00c7\u00c3O<\/p>\n<p>10 Interpreta\u00e7\u00e3o e Sentido<\/p>\n<p>S\u00e9rgio de Mattos<\/p>\n<p>13\u00a0 A dire\u00e7\u00e3o da Cura: Interpreta\u00e7\u00e3o e Significante<\/p>\n<p>Cristina Drummond<\/p>\n<p>17\u00a0 A Insist\u00eancia da verdade no deserto da ignor\u00e2ncia<\/p>\n<p>J\u00e9sus Santiago<\/p>\n<p>21 O saber no lugar da Verdade<\/p>\n<p>\u00c2ngela Maria de Sousa Mucida<\/p>\n<p>&nbsp;<\/p>\n<p>MAIS AINDA<\/p>\n<p>24 Ato e o ato anal\u00edtico<\/p>\n<p>J\u00falio Eduardo de Castro<\/p>\n<p>&nbsp;<\/p>\n<p>LITORAL<\/p>\n<p>27 Denega\u00e7\u00e3o<\/p>\n<p>C\u00e9lio Garcia<\/p>\n<p>&nbsp;<\/p>\n<p>BIBLIOTECA<\/p>\n<p>PESQUISA TEM\u00c1TICA<\/p>\n<p>28 A Interpreta\u00e7\u00e3o<\/p>\n<p>Cristiane Barreto e Helenice S. de Castro<\/p>\n<p>HEMEROTECA<\/p>\n<p>30 Psicof\u00e1rmacos<\/p>\n<p>Francisco Paes Barreto<\/p>\n<p>BIBLIOTECA AO VIVO: \u201cO futuro dura mais tempo\u201d &#8211; Louis Althusser<\/p>\n<p>32 Subjetividade Pol\u00edtica X Sujeito Amoroso<\/p>\n<p>Andr\u00e9a Gontijo \u00c1lvares<\/p>\n<p>35 Uma aus\u00eancia intocada<\/p>\n<p>Ana Marta Lobosque<\/p>\n<p>&nbsp;<\/p>\n<p>RESENHAS:<\/p>\n<p>37 \u201cA impostura Perversa\u201d &#8211; Serge Andr\u00e9<\/p>\n<p>S\u00e9rgio de Castro<\/p>\n<p>38 \u201cA cientificidade da Psican\u00e1lise &#8211; Popper e Peirce\u201d &#8211; Elisabeth Saporiti<\/p>\n<p>C\u00e9lio Garcia<\/p>\n<p>&nbsp;<\/p>\n<p>EQUIPES AUT\u00d4NOMAS<\/p>\n<p>45 SE\u00c7\u00c3O CL\u00cdNICA: Dire\u00e7\u00f5es da Interpreta\u00e7\u00e3o<\/p>\n<p>M\u00e1rcia Rosa<\/p>\n<p>46 BRASIL, ESCOLA UNA<\/p>\n<p>Maria Jos\u00e9 Gontijo<\/p>\n<p>&nbsp;<\/p>\n<p>CONEX\u00c3O INTERNACIONAL<\/p>\n<p>48 Interpreta\u00e7\u00e3o e Verdade<\/p>\n<p>\u00c9ric Laurent<\/p>\n<p>&nbsp;<\/p>\n<p>&nbsp;<\/p>\n<p><em>\u00a0<\/em><\/p>\n","protected":false},"excerpt":{"rendered":"<p>AUTOR V\u00e1rios autores N\u00daMERO \/ EDI\u00c7\u00c3O 6 ANO 1995 \u00a0 SOBRE O LIVRO \u00cdNDICE CURINGA 6 &nbsp; EDITORIAL 03 A interpreta\u00e7\u00e3o da entrada Elisa Alvarenga &nbsp; CARTAS NA MESA 04 Sob a \u00d3tica do Passante S\u00e9rgio de Campos 05 Notas sobre o \u201cmais-um\u201d no pensamento de Lacan Paulo N. Scarpa 08 De um funcionamento \u00e9tico:&hellip;<\/p>\n","protected":false},"author":1,"featured_media":0,"comment_status":"closed","ping_status":"closed","sticky":false,"template":"","format":"standard","meta":{"footnotes":""},"categories":[6],"tags":[],"post_series":[],"class_list":["post-3211","post","type-post","status-publish","format-standard","hentry","category-revista-curinga","entry","no-media"],"aioseo_notices":[],"_links":{"self":[{"href":"https:\/\/ebp.org.br\/mg\/wp-json\/wp\/v2\/posts\/3211","targetHints":{"allow":["GET"]}}],"collection":[{"href":"https:\/\/ebp.org.br\/mg\/wp-json\/wp\/v2\/posts"}],"about":[{"href":"https:\/\/ebp.org.br\/mg\/wp-json\/wp\/v2\/types\/post"}],"author":[{"embeddable":true,"href":"https:\/\/ebp.org.br\/mg\/wp-json\/wp\/v2\/users\/1"}],"replies":[{"embeddable":true,"href":"https:\/\/ebp.org.br\/mg\/wp-json\/wp\/v2\/comments?post=3211"}],"version-history":[{"count":0,"href":"https:\/\/ebp.org.br\/mg\/wp-json\/wp\/v2\/posts\/3211\/revisions"}],"wp:attachment":[{"href":"https:\/\/ebp.org.br\/mg\/wp-json\/wp\/v2\/media?parent=3211"}],"wp:term":[{"taxonomy":"category","embeddable":true,"href":"https:\/\/ebp.org.br\/mg\/wp-json\/wp\/v2\/categories?post=3211"},{"taxonomy":"post_tag","embeddable":true,"href":"https:\/\/ebp.org.br\/mg\/wp-json\/wp\/v2\/tags?post=3211"},{"taxonomy":"post_series","embeddable":true,"href":"https:\/\/ebp.org.br\/mg\/wp-json\/wp\/v2\/post_series?post=3211"}],"curies":[{"name":"wp","href":"https:\/\/api.w.org\/{rel}","templated":true}]}}