{"id":1878,"date":"2018-01-14T07:02:44","date_gmt":"2018-01-14T09:02:44","guid":{"rendered":"http:\/\/ebp.org.br\/mg\/?p=1878"},"modified":"2018-01-14T07:02:44","modified_gmt":"2018-01-14T09:02:44","slug":"imagens-capulanas","status":"publish","type":"post","link":"https:\/\/ebp.org.br\/mg\/imagens-capulanas\/","title":{"rendered":"Guardar Segredos: rela\u00e7\u00f5es entre mulheres e capulanas"},"content":{"rendered":"<h6 style=\"text-align: center;\">Autor: Helena Santos Assun\u00e7\u00e3o<br \/>\nCuringa 46<\/h6>\n<figure id=\"attachment_1879\" aria-describedby=\"caption-attachment-1879\" style=\"width: 1333px\" class=\"wp-caption aligncenter\"><img loading=\"lazy\" decoding=\"async\" class=\"size-full wp-image-1879\" src=\"http:\/\/ebp.org.br\/mg\/wp-content\/uploads\/2018\/08\/fig01.jpg\" alt=\"\" width=\"1333\" height=\"1000\" \/><figcaption id=\"caption-attachment-1879\" class=\"wp-caption-text\">Figura 1 &#8211; Barraca de capulanas: o deslumbramento das cores &#8211; primeiras impress\u00f5es sobre o tecido<\/figcaption><\/figure>\n<p>&nbsp;<\/p>\n<figure id=\"attachment_1880\" aria-describedby=\"caption-attachment-1880\" style=\"width: 1333px\" class=\"wp-caption aligncenter\"><img loading=\"lazy\" decoding=\"async\" class=\"size-full wp-image-1880\" src=\"http:\/\/ebp.org.br\/mg\/wp-content\/uploads\/2018\/08\/fig02.jpg\" alt=\"\" width=\"1333\" height=\"1000\" \/><figcaption id=\"caption-attachment-1880\" class=\"wp-caption-text\">Figura 2 &#8211; Mulheres espiando os batuques: os mucumis guardam o segredo dos ritos de inicia\u00e7\u00e3o femininos<\/figcaption><\/figure>\n<p>&nbsp;<\/p>\n<figure id=\"attachment_1881\" aria-describedby=\"caption-attachment-1881\" style=\"width: 750px\" class=\"wp-caption aligncenter\"><img loading=\"lazy\" decoding=\"async\" class=\"size-full wp-image-1881\" src=\"http:\/\/ebp.org.br\/mg\/wp-content\/uploads\/2018\/08\/fig03.jpg\" alt=\"\" width=\"750\" height=\"1000\" \/><figcaption id=\"caption-attachment-1881\" class=\"wp-caption-text\">Figura 3 &#8211; M\u00e1rcia e suas amigas brincam com capulana e mussiro<\/figcaption><\/figure>\n<p>&nbsp;<\/p>\n<figure id=\"attachment_1882\" aria-describedby=\"caption-attachment-1882\" style=\"width: 750px\" class=\"wp-caption aligncenter\"><img loading=\"lazy\" decoding=\"async\" class=\"size-full wp-image-1882\" src=\"http:\/\/ebp.org.br\/mg\/wp-content\/uploads\/2018\/08\/fig04.jpg\" alt=\"\" width=\"750\" height=\"1000\" \/><figcaption id=\"caption-attachment-1882\" class=\"wp-caption-text\">Figura 4 &#8211; Mam\u00e1 Velela vestindo seu khim\u00e3o: muthiana orera na Ilha de Mo\u00e7ambique<\/figcaption><\/figure>\n","protected":false},"excerpt":{"rendered":"<p>Autor: Helena Santos Assun\u00e7\u00e3o Curinga 46 &nbsp; &nbsp; &nbsp;<\/p>\n","protected":false},"author":1,"featured_media":0,"comment_status":"closed","ping_status":"open","sticky":false,"template":"","format":"standard","meta":{"footnotes":""},"categories":[1],"tags":[],"post_series":[],"class_list":["post-1878","post","type-post","status-publish","format-standard","hentry","category-sem-categoria","entry","no-media"],"aioseo_notices":[],"_links":{"self":[{"href":"https:\/\/ebp.org.br\/mg\/wp-json\/wp\/v2\/posts\/1878","targetHints":{"allow":["GET"]}}],"collection":[{"href":"https:\/\/ebp.org.br\/mg\/wp-json\/wp\/v2\/posts"}],"about":[{"href":"https:\/\/ebp.org.br\/mg\/wp-json\/wp\/v2\/types\/post"}],"author":[{"embeddable":true,"href":"https:\/\/ebp.org.br\/mg\/wp-json\/wp\/v2\/users\/1"}],"replies":[{"embeddable":true,"href":"https:\/\/ebp.org.br\/mg\/wp-json\/wp\/v2\/comments?post=1878"}],"version-history":[{"count":0,"href":"https:\/\/ebp.org.br\/mg\/wp-json\/wp\/v2\/posts\/1878\/revisions"}],"wp:attachment":[{"href":"https:\/\/ebp.org.br\/mg\/wp-json\/wp\/v2\/media?parent=1878"}],"wp:term":[{"taxonomy":"category","embeddable":true,"href":"https:\/\/ebp.org.br\/mg\/wp-json\/wp\/v2\/categories?post=1878"},{"taxonomy":"post_tag","embeddable":true,"href":"https:\/\/ebp.org.br\/mg\/wp-json\/wp\/v2\/tags?post=1878"},{"taxonomy":"post_series","embeddable":true,"href":"https:\/\/ebp.org.br\/mg\/wp-json\/wp\/v2\/post_series?post=1878"}],"curies":[{"name":"wp","href":"https:\/\/api.w.org\/{rel}","templated":true}]}}