{"id":2106,"date":"2021-03-24T11:11:52","date_gmt":"2021-03-24T14:11:52","guid":{"rendered":"https:\/\/www.ebp.org.br\/ba\/?p=2106"},"modified":"2021-03-24T11:11:52","modified_gmt":"2021-03-24T14:11:52","slug":"agente-3","status":"publish","type":"post","link":"https:\/\/ebp.org.br\/ba\/agente-3\/","title":{"rendered":"Agente 3"},"content":{"rendered":"<div class=\"capa-filmes\">\n<div class=\"texts-filmes\">\n<h3 class=\"n-mb\"><img loading=\"lazy\" decoding=\"async\" class=\"alignnone size-medium wp-image-2085\" src=\"https:\/\/www.ebp.org.br\/ba\/wp-content\/uploads\/2021\/03\/Agente-3-212x300.jpg\" alt=\"\" width=\"212\" height=\"300\" \/><\/h3>\n<h3 class=\"n-mb\">AUTOR<\/h3>\n<p>V\u00e1rios autores<\/p>\n<h3 class=\"n-mb\">N\u00daMERO \/ EDI\u00c7\u00c3O<\/h3>\n<p>#3<\/p>\n<h3 class=\"n-mb\">ANO<\/h3>\n<p>1995<\/p>\n<\/div>\n<\/div>\n<h3 class=\"n-mb\">SOBRE O LIVRO<\/h3>\n<hr \/>\n<h3 class=\"n-mb\">\u00cdNDICE<\/h3>\n<p>4 A Escola e o cartel, Bernardino Horne<br \/>\n6 O corpo como quadro na tatuagem, Mabel L. Grosso e Stella Maria Rasconi<\/p>\n<p>S\u00c1BADOS da ESCOLA<br \/>\nI M\u00f3dulo<br \/>\n7 A Fun\u00e7\u00e3o da Imago \u2013 A ordem especular, Iordan Gurgel<br \/>\n8 Em torno das identidades, Marcelo Veras<br \/>\n10 O Eu ideal n\u00e3o se confunde com o Ideal do eu, T\u00e2nia Abreu<br \/>\n12 Sub-vers\u00f5es do Imagin\u00e1rio, M\u00e1rcio Peter<\/p>\n<p>II M\u00f3dulo<br \/>\n13 Do falo ao objeto a, Reinaldo Pamponet<br \/>\n14 Identifica\u00e7\u00e3o ao falo \u2013 Do Est\u00e1dio ao Espelho \u00e0 travessia do fantasma, L\u00eada Guimar\u00e3es<br \/>\n15 L\u00e1 onde havia o efeito de sentido do S1, um gozo novo adv\u00e9m, Carmen L\u00facia Lavigne<br \/>\n16 Do falo ao objeto a, Gleusa Salomon<\/p>\n<p>III M\u00f3dulo<br \/>\n17 RSI: Semblante e objeto, Marcela Antelo<br \/>\n18 A quest\u00e3o do objeto a, Maria de F\u00e1tima Sarmento<br \/>\n20 Quest\u00f5es sobre o RIS(O)&#8230; do Gato de Alice, Paulo Gabrielli<br \/>\n21 Semblante e objeto a, C\u00e9lio Garcia<br \/>\n24 Cart\u00e9is e Biblioteca<br \/>\n25 Auto falante e Tome nota<\/p>\n","protected":false},"excerpt":{"rendered":"<p>AUTOR V\u00e1rios autores N\u00daMERO \/ EDI\u00c7\u00c3O #3 ANO 1995 SOBRE O LIVRO \u00cdNDICE 4 A Escola e o cartel, Bernardino Horne 6 O corpo como quadro na tatuagem, Mabel L. Grosso e Stella Maria Rasconi S\u00c1BADOS da ESCOLA I M\u00f3dulo 7 A Fun\u00e7\u00e3o da Imago \u2013 A ordem especular, Iordan Gurgel 8 Em torno das&hellip;<\/p>\n","protected":false},"author":1,"featured_media":0,"comment_status":"closed","ping_status":"closed","sticky":false,"template":"","format":"standard","meta":{"footnotes":""},"categories":[8],"tags":[],"post_series":[],"class_list":["post-2106","post","type-post","status-publish","format-standard","hentry","category-agente","entry","no-media"],"_links":{"self":[{"href":"https:\/\/ebp.org.br\/ba\/wp-json\/wp\/v2\/posts\/2106","targetHints":{"allow":["GET"]}}],"collection":[{"href":"https:\/\/ebp.org.br\/ba\/wp-json\/wp\/v2\/posts"}],"about":[{"href":"https:\/\/ebp.org.br\/ba\/wp-json\/wp\/v2\/types\/post"}],"author":[{"embeddable":true,"href":"https:\/\/ebp.org.br\/ba\/wp-json\/wp\/v2\/users\/1"}],"replies":[{"embeddable":true,"href":"https:\/\/ebp.org.br\/ba\/wp-json\/wp\/v2\/comments?post=2106"}],"version-history":[{"count":0,"href":"https:\/\/ebp.org.br\/ba\/wp-json\/wp\/v2\/posts\/2106\/revisions"}],"wp:attachment":[{"href":"https:\/\/ebp.org.br\/ba\/wp-json\/wp\/v2\/media?parent=2106"}],"wp:term":[{"taxonomy":"category","embeddable":true,"href":"https:\/\/ebp.org.br\/ba\/wp-json\/wp\/v2\/categories?post=2106"},{"taxonomy":"post_tag","embeddable":true,"href":"https:\/\/ebp.org.br\/ba\/wp-json\/wp\/v2\/tags?post=2106"},{"taxonomy":"post_series","embeddable":true,"href":"https:\/\/ebp.org.br\/ba\/wp-json\/wp\/v2\/post_series?post=2106"}],"curies":[{"name":"wp","href":"https:\/\/api.w.org\/{rel}","templated":true}]}}